{"id":12859,"date":"2024-05-26T07:02:08","date_gmt":"2024-05-26T05:02:08","guid":{"rendered":"https:\/\/www.krajskakniznicazilina.sk\/?p=12859"},"modified":"2024-06-04T14:49:26","modified_gmt":"2024-06-04T12:49:26","slug":"vystava-krasy-slovenska","status":"publish","type":"post","link":"https:\/\/www.krajskakniznicazilina.sk\/index.php\/2024\/05\/26\/vystava-krasy-slovenska\/","title":{"rendered":"V\u00fdstava &#8211; Kr\u00e1sy Slovenska"},"content":{"rendered":"<p style=\"text-align: justify;\"><a href=\"https:\/\/www.krajskakniznicazilina.sk\/clanky\/2024\/06\/kr%C3%A1sy%20slovenska.jpg\"><img decoding=\"async\" class=\"alignleft size-full\" src=\"https:\/\/www.krajskakniznicazilina.sk\/clanky\/2024\/06\/kr%C3%A1sy%20slovenska.jpg\" alt=\"plag\u00e1t\" width=\"35%\" height=\"35%\" \/><\/a><\/p>\n<p style=\"text-align: justify;\">Poz\u00fdvame V\u00e1s na vernis\u00e1\u017e v\u00fdstavy Kr\u00e1sy Slovenska, ktor\u00e1 sa uskuto\u010dn\u00ed v\u00a0utorok <strong>4. j\u00fana o\u00a016:00<\/strong> v\u00a0Krajskej kni\u017enici v\u00a0\u017diline.<\/p>\n<p style=\"text-align: justify;\">Autorka malieb <strong>Mgr. Helena Z\u00e1vadsk\u00e1<\/strong> miluje svoju domovinu a kr\u00e1sy pr\u00edrody, v\u00a0ktorej \u017eijeme. Po skon\u010den\u00ed akt\u00edvnej pedagogickej \u010dinnosti v \u0161kolstve sa pok\u00fa\u0161a aj vo svojich vo\u013en\u00fdch chv\u00ed\u013each pokra\u010dova\u0165 v jej v\u00fdtvarnej tvorbe. Kr\u00e1sne z\u00e1kutia na\u0161ich h\u00f4r, dol\u00edn, riek a\u00a0jazier s\u00fa obdivuhodn\u00e9 a\u00a0m\u00f4\u017eete si ich pr\u00eds\u0165 pozrie\u0165 do\u00a0Krajskej kni\u017enice v\u00a0\u017diline <strong>do 28. j\u00fana<\/strong>.<\/p>\n","protected":false},"excerpt":{"rendered":"<p>Poz\u00fdvame V\u00e1s na vernis\u00e1\u017e v\u00fdstavy Kr\u00e1sy Slovenska, ktor\u00e1 sa uskuto\u010dn\u00ed v\u00a0utorok 4. j\u00fana o\u00a016:00 v\u00a0Krajskej kni\u017enici v\u00a0\u017diline. Autorka malieb Mgr. Helena Z\u00e1vadsk\u00e1 miluje svoju domovinu a kr\u00e1sy pr\u00edrody, v\u00a0ktorej \u017eijeme. Po skon\u010den\u00ed akt\u00edvnej pedagogickej \u010dinnosti v \u0161kolstve sa pok\u00fa\u0161a aj vo svojich vo\u013en\u00fdch chv\u00ed\u013each pokra\u010dova\u0165 v jej v\u00fdtvarnej tvorbe. Kr\u00e1sne z\u00e1kutia na\u0161ich h\u00f4r, dol\u00edn, riek &#8230; <a title=\"V\u00fdstava &#8211; Kr\u00e1sy Slovenska\" class=\"read-more\" href=\"https:\/\/www.krajskakniznicazilina.sk\/index.php\/2024\/05\/26\/vystava-krasy-slovenska\/\" aria-label=\"Pre\u010d\u00edtajte si viac o V\u00fdstava &#8211; Kr\u00e1sy Slovenska\">\u010c\u00edta\u0165 viac<\/a><\/p>\n","protected":false},"author":1,"featured_media":0,"comment_status":"open","ping_status":"open","sticky":false,"template":"","format":"image","meta":{"footnotes":""},"categories":[28,15],"tags":[],"class_list":["post-12859","post","type-post","status-publish","format-image","hentry","category-vernisaz","category-vystava","post_format-post-format-image"],"_links":{"self":[{"href":"https:\/\/www.krajskakniznicazilina.sk\/index.php\/wp-json\/wp\/v2\/posts\/12859","targetHints":{"allow":["GET"]}}],"collection":[{"href":"https:\/\/www.krajskakniznicazilina.sk\/index.php\/wp-json\/wp\/v2\/posts"}],"about":[{"href":"https:\/\/www.krajskakniznicazilina.sk\/index.php\/wp-json\/wp\/v2\/types\/post"}],"author":[{"embeddable":true,"href":"https:\/\/www.krajskakniznicazilina.sk\/index.php\/wp-json\/wp\/v2\/users\/1"}],"replies":[{"embeddable":true,"href":"https:\/\/www.krajskakniznicazilina.sk\/index.php\/wp-json\/wp\/v2\/comments?post=12859"}],"version-history":[{"count":7,"href":"https:\/\/www.krajskakniznicazilina.sk\/index.php\/wp-json\/wp\/v2\/posts\/12859\/revisions"}],"predecessor-version":[{"id":13057,"href":"https:\/\/www.krajskakniznicazilina.sk\/index.php\/wp-json\/wp\/v2\/posts\/12859\/revisions\/13057"}],"wp:attachment":[{"href":"https:\/\/www.krajskakniznicazilina.sk\/index.php\/wp-json\/wp\/v2\/media?parent=12859"}],"wp:term":[{"taxonomy":"category","embeddable":true,"href":"https:\/\/www.krajskakniznicazilina.sk\/index.php\/wp-json\/wp\/v2\/categories?post=12859"},{"taxonomy":"post_tag","embeddable":true,"href":"https:\/\/www.krajskakniznicazilina.sk\/index.php\/wp-json\/wp\/v2\/tags?post=12859"}],"curies":[{"name":"wp","href":"https:\/\/api.w.org\/{rel}","templated":true}]}}