{"id":13022,"date":"2024-05-15T09:38:14","date_gmt":"2024-05-15T07:38:14","guid":{"rendered":"https:\/\/www.krajskakniznicazilina.sk\/?p=13022"},"modified":"2024-05-30T09:39:15","modified_gmt":"2024-05-30T07:39:15","slug":"reportazna-literatura-ako-sucast-umeleckej-literatury","status":"publish","type":"post","link":"https:\/\/www.krajskakniznicazilina.sk\/index.php\/2024\/05\/15\/reportazna-literatura-ako-sucast-umeleckej-literatury\/","title":{"rendered":"Report\u00e1\u017ena literat\u00fara ako s\u00fa\u010das\u0165 umeleckej literat\u00fary?"},"content":{"rendered":"<p style=\"text-align: justify;\"><a href=\"https:\/\/www.krajskakniznicazilina.sk\/clanky\/2024\/06\/report%C3%A1%C5%BEna%20literat%C3%BAra%201.jpg\"><img decoding=\"async\" class=\"alignleft size-full\" src=\"https:\/\/www.krajskakniznicazilina.sk\/clanky\/2024\/06\/report%C3%A1%C5%BEna%20literat%C3%BAra%201.jpg\" alt=\"plag\u00e1t\" width=\"30%\" height=\"30%\" \/><\/a>Prezenta\u010dno-vzdel\u00e1vacie podujatie pre stredn\u00e9 \u0161koly so spoluzakladate\u013eom vydavate\u013estva Absynt Jurajom Koudelom. Podujatie sa bude kona\u0165\u00a0<strong>v stredu 5. j\u00fana 2024 o 9:00 a o 11:00<\/strong>\u00a0<strong>v Krajskej kni\u017enici v \u017diline.\u00a0<\/strong>Lektor pribl\u00ed\u017ei pr\u00edbeh Absyntu ako vydavate\u013estva s uk\u00e1\u017ekami z diel vydavate\u013estva od jeho vzniku, v\u010d\u00edtane slovensk\u00fdch autorov report\u00e1\u017enej literat\u00fary Andreja B\u00e1na a Ireny Bre\u017enej. Absynt vyd\u00e1va knihy pre 21. storo\u010die &#8211; \u013eud\u00ed sprev\u00e1dza chaosom dne\u0161nej r\u00fdchlej doby a prin\u00e1\u0161a im pr\u00edbehy a report\u00e1\u017ee, o ktor\u00fdch je potrebn\u00e9 hovori\u0165 nahlas. D\u00f4le\u017eit\u00e9 t\u00e9my s\u00fa \u010ditate\u013eovi prin\u00e1\u0161an\u00e9 p\u00fatavo a zrozumite\u013ene s kvalitn\u00fdm dizajnom.<\/p>\n<p style=\"text-align: justify;\">Svoj z\u00e1ujem o podujatie pros\u00edm nahl\u00e1ste\u00a0<strong>do 29. m\u00e1ja 2024<\/strong>\u00a0na email:\u00a0<a href=\"mailto:neslusanova@krajskakniznicazilina.sk\">neslusanova@krajskakniznicazilina.sk<\/a>\u00a0alebo telefonicky: 0908\/946 421.<\/p>\n<p style=\"text-align: justify;\">Podujatie je realizovan\u00e9 v r\u00e1mci projektu Na vln\u00e1ch literat\u00fary v kni\u017enici (Program Umenie pre \u0161koly 2024).\u00a0Z verejn\u00fdch zdrojov podporil Fond na podporu umenia.<\/p>\n","protected":false},"excerpt":{"rendered":"<p>Prezenta\u010dno-vzdel\u00e1vacie podujatie pre stredn\u00e9 \u0161koly so spoluzakladate\u013eom vydavate\u013estva Absynt Jurajom Koudelom. Podujatie sa bude kona\u0165\u00a0v stredu 5. j\u00fana 2024 o 9:00 a o 11:00\u00a0v Krajskej kni\u017enici v \u017diline.\u00a0Lektor pribl\u00ed\u017ei pr\u00edbeh Absyntu ako vydavate\u013estva s uk\u00e1\u017ekami z diel vydavate\u013estva od jeho vzniku, v\u010d\u00edtane slovensk\u00fdch autorov report\u00e1\u017enej literat\u00fary Andreja B\u00e1na a Ireny Bre\u017enej. Absynt vyd\u00e1va knihy pre &#8230; <a title=\"Report\u00e1\u017ena literat\u00fara ako s\u00fa\u010das\u0165 umeleckej literat\u00fary?\" class=\"read-more\" href=\"https:\/\/www.krajskakniznicazilina.sk\/index.php\/2024\/05\/15\/reportazna-literatura-ako-sucast-umeleckej-literatury\/\" aria-label=\"Pre\u010d\u00edtajte si viac o Report\u00e1\u017ena literat\u00fara ako s\u00fa\u010das\u0165 umeleckej literat\u00fary?\">\u010c\u00edta\u0165 viac<\/a><\/p>\n","protected":false},"author":1,"featured_media":0,"comment_status":"open","ping_status":"open","sticky":false,"template":"","format":"image","meta":{"footnotes":""},"categories":[12,68],"tags":[],"class_list":["post-13022","post","type-post","status-publish","format-image","hentry","category-podujatie","category-projekt","post_format-post-format-image"],"_links":{"self":[{"href":"https:\/\/www.krajskakniznicazilina.sk\/index.php\/wp-json\/wp\/v2\/posts\/13022","targetHints":{"allow":["GET"]}}],"collection":[{"href":"https:\/\/www.krajskakniznicazilina.sk\/index.php\/wp-json\/wp\/v2\/posts"}],"about":[{"href":"https:\/\/www.krajskakniznicazilina.sk\/index.php\/wp-json\/wp\/v2\/types\/post"}],"author":[{"embeddable":true,"href":"https:\/\/www.krajskakniznicazilina.sk\/index.php\/wp-json\/wp\/v2\/users\/1"}],"replies":[{"embeddable":true,"href":"https:\/\/www.krajskakniznicazilina.sk\/index.php\/wp-json\/wp\/v2\/comments?post=13022"}],"version-history":[{"count":1,"href":"https:\/\/www.krajskakniznicazilina.sk\/index.php\/wp-json\/wp\/v2\/posts\/13022\/revisions"}],"predecessor-version":[{"id":13023,"href":"https:\/\/www.krajskakniznicazilina.sk\/index.php\/wp-json\/wp\/v2\/posts\/13022\/revisions\/13023"}],"wp:attachment":[{"href":"https:\/\/www.krajskakniznicazilina.sk\/index.php\/wp-json\/wp\/v2\/media?parent=13022"}],"wp:term":[{"taxonomy":"category","embeddable":true,"href":"https:\/\/www.krajskakniznicazilina.sk\/index.php\/wp-json\/wp\/v2\/categories?post=13022"},{"taxonomy":"post_tag","embeddable":true,"href":"https:\/\/www.krajskakniznicazilina.sk\/index.php\/wp-json\/wp\/v2\/tags?post=13022"}],"curies":[{"name":"wp","href":"https:\/\/api.w.org\/{rel}","templated":true}]}}