{"id":13092,"date":"2024-06-11T07:52:32","date_gmt":"2024-06-11T05:52:32","guid":{"rendered":"https:\/\/www.krajskakniznicazilina.sk\/?p=13092"},"modified":"2024-06-13T06:52:22","modified_gmt":"2024-06-13T04:52:22","slug":"inovativne-pristupy-vo-vzdelavani-a-komunikacii-s-detmi-so-specialnymi-potrebami-aj-intaktnymi-detmi-na-zakladnych-a-strednych-skolach","status":"publish","type":"post","link":"https:\/\/www.krajskakniznicazilina.sk\/index.php\/2024\/06\/11\/inovativne-pristupy-vo-vzdelavani-a-komunikacii-s-detmi-so-specialnymi-potrebami-aj-intaktnymi-detmi-na-zakladnych-a-strednych-skolach\/","title":{"rendered":"Inovat\u00edvne pr\u00edstupy vo vzdel\u00e1van\u00ed a komunik\u00e1cii s de\u0165mi so \u0161peci\u00e1lnymi potrebami aj intaktn\u00fdmi de\u0165mi na z\u00e1kladn\u00fdch a\u00a0stredn\u00fdch \u0161kol\u00e1ch"},"content":{"rendered":"<p style=\"text-align: justify;\"><a href=\"https:\/\/www.krajskakniznicazilina.sk\/clanky\/2024\/06\/Inovat%C3%ADvne%20pr%C3%ADstupy.jpg\"><img decoding=\"async\" class=\"size-full alignleft\" src=\"https:\/\/www.krajskakniznicazilina.sk\/clanky\/2024\/06\/Inovat%C3%ADvne%20pr%C3%ADstupy.jpg\" alt=\"plag\u00e1t\" width=\"30%\" height=\"30%\" \/><\/a>Viete ako komunikova\u0165 s de\u0165mi tak, aby komunik\u00e1cia podporovala najvy\u0161\u0161\u00ed potenci\u00e1l die\u0165a\u0165a a neviedla k de\u0161trukt\u00edvnemu spr\u00e1vaniu \u017eiakov a\u00a0\u0161tudentov? Pr\u00ed\u010fte na <strong>predn\u00e1\u0161ku<\/strong> v\u00a0stredu <strong>26. j\u00fana o\u00a017:00<\/strong> do\u00a0Krajskej kni\u017enice v\u00a0\u017diline. Viac sa dozviete aj o\u00a0tom ako vyu\u017e\u00edva\u0165 inovat\u00edvne digit\u00e1lne technol\u00f3gie vo vzdel\u00e1van\u00ed na r\u00f4zne \u00fa\u010dely v pedagogickom procese a\u00a0o princ\u00edpoch terapeutick\u00e9ho pr\u00edstupu k \u017eiakom vo vyu\u010dovan\u00ed.<\/p>\n<p>Vstup je vo\u013en\u00fd.<\/p>\n","protected":false},"excerpt":{"rendered":"<p>Viete ako komunikova\u0165 s de\u0165mi tak, aby komunik\u00e1cia podporovala najvy\u0161\u0161\u00ed potenci\u00e1l die\u0165a\u0165a a neviedla k de\u0161trukt\u00edvnemu spr\u00e1vaniu \u017eiakov a\u00a0\u0161tudentov? Pr\u00ed\u010fte na predn\u00e1\u0161ku v\u00a0stredu 26. j\u00fana o\u00a017:00 do\u00a0Krajskej kni\u017enice v\u00a0\u017diline. Viac sa dozviete aj o\u00a0tom ako vyu\u017e\u00edva\u0165 inovat\u00edvne digit\u00e1lne technol\u00f3gie vo vzdel\u00e1van\u00ed na r\u00f4zne \u00fa\u010dely v pedagogickom procese a\u00a0o princ\u00edpoch terapeutick\u00e9ho pr\u00edstupu k \u017eiakom vo vyu\u010dovan\u00ed. &#8230; <a title=\"Inovat\u00edvne pr\u00edstupy vo vzdel\u00e1van\u00ed a komunik\u00e1cii s de\u0165mi so \u0161peci\u00e1lnymi potrebami aj intaktn\u00fdmi de\u0165mi na z\u00e1kladn\u00fdch a\u00a0stredn\u00fdch \u0161kol\u00e1ch\" class=\"read-more\" href=\"https:\/\/www.krajskakniznicazilina.sk\/index.php\/2024\/06\/11\/inovativne-pristupy-vo-vzdelavani-a-komunikacii-s-detmi-so-specialnymi-potrebami-aj-intaktnymi-detmi-na-zakladnych-a-strednych-skolach\/\" aria-label=\"Pre\u010d\u00edtajte si viac o Inovat\u00edvne pr\u00edstupy vo vzdel\u00e1van\u00ed a komunik\u00e1cii s de\u0165mi so \u0161peci\u00e1lnymi potrebami aj intaktn\u00fdmi de\u0165mi na z\u00e1kladn\u00fdch a\u00a0stredn\u00fdch \u0161kol\u00e1ch\">\u010c\u00edta\u0165 viac<\/a><\/p>\n","protected":false},"author":1,"featured_media":0,"comment_status":"open","ping_status":"open","sticky":false,"template":"","format":"image","meta":{"footnotes":""},"categories":[12,22],"tags":[],"class_list":["post-13092","post","type-post","status-publish","format-image","hentry","category-podujatie","category-prednaska","post_format-post-format-image"],"_links":{"self":[{"href":"https:\/\/www.krajskakniznicazilina.sk\/index.php\/wp-json\/wp\/v2\/posts\/13092","targetHints":{"allow":["GET"]}}],"collection":[{"href":"https:\/\/www.krajskakniznicazilina.sk\/index.php\/wp-json\/wp\/v2\/posts"}],"about":[{"href":"https:\/\/www.krajskakniznicazilina.sk\/index.php\/wp-json\/wp\/v2\/types\/post"}],"author":[{"embeddable":true,"href":"https:\/\/www.krajskakniznicazilina.sk\/index.php\/wp-json\/wp\/v2\/users\/1"}],"replies":[{"embeddable":true,"href":"https:\/\/www.krajskakniznicazilina.sk\/index.php\/wp-json\/wp\/v2\/comments?post=13092"}],"version-history":[{"count":2,"href":"https:\/\/www.krajskakniznicazilina.sk\/index.php\/wp-json\/wp\/v2\/posts\/13092\/revisions"}],"predecessor-version":[{"id":13138,"href":"https:\/\/www.krajskakniznicazilina.sk\/index.php\/wp-json\/wp\/v2\/posts\/13092\/revisions\/13138"}],"wp:attachment":[{"href":"https:\/\/www.krajskakniznicazilina.sk\/index.php\/wp-json\/wp\/v2\/media?parent=13092"}],"wp:term":[{"taxonomy":"category","embeddable":true,"href":"https:\/\/www.krajskakniznicazilina.sk\/index.php\/wp-json\/wp\/v2\/categories?post=13092"},{"taxonomy":"post_tag","embeddable":true,"href":"https:\/\/www.krajskakniznicazilina.sk\/index.php\/wp-json\/wp\/v2\/tags?post=13092"}],"curies":[{"name":"wp","href":"https:\/\/api.w.org\/{rel}","templated":true}]}}