{"id":13102,"date":"2024-06-24T07:03:58","date_gmt":"2024-06-24T05:03:58","guid":{"rendered":"https:\/\/www.krajskakniznicazilina.sk\/?p=13102"},"modified":"2024-06-11T10:11:12","modified_gmt":"2024-06-11T08:11:12","slug":"strazcovia-dedicstva","status":"publish","type":"post","link":"https:\/\/www.krajskakniznicazilina.sk\/index.php\/2024\/06\/24\/strazcovia-dedicstva\/","title":{"rendered":"Str\u00e1\u017ecovia dedi\u010dstva"},"content":{"rendered":"<p style=\"text-align: justify;\"><a href=\"https:\/\/www.krajskakniznicazilina.sk\/clanky\/2024\/07\/str%C3%A1%C5%BEcovia%20dedi%C4%8Dstva.jpg\"><img decoding=\"async\" class=\"alignleft size-full\" src=\"https:\/\/www.krajskakniznicazilina.sk\/clanky\/2024\/07\/str%C3%A1%C5%BEcovia%20dedi%C4%8Dstva.jpg\" alt=\"polag\u00e1t\" width=\"30%\" height=\"30%\" \/><\/a>Poz\u00fdvame V\u00e1s na besedu s Ondrejom Mih\u00e1\u013eom v stredu <strong>10. j\u00fala 2024 o 17:30<\/strong>. Nov\u00e1 kniha Ondreja Mih\u00e1\u013ea s n\u00e1zvom \u201cStr\u00e1\u017ecovia dedi\u010dstva\u201d je rovnako ako predch\u00e1dzaj\u00face, venovan\u00e1 Slov\u00e1kom v Kanade. V tomto pr\u00edpade pon\u00faka \u0161irok\u00fd poh\u013ead na slovensk\u00e9 osobnosti, ktor\u00e9 budovali slovensk\u00fa Kanadu posledn\u00fdch 140 rokov. M\u00e1 podobn\u00fd koncept ako publik\u00e1cia \u201cStopy sl\u00e1vy zaviate \u010dasom\u201d, ktor\u00e1 obsahuje inform\u00e1cie o 120 najzn\u00e1mej\u0161\u00edch Slov\u00e1koch v Kanade.<\/p>\n<p style=\"text-align: justify;\">Vstup vo\u013en\u00fd. Zmena programu vyhraden\u00e1.<\/p>\n","protected":false},"excerpt":{"rendered":"<p>Poz\u00fdvame V\u00e1s na besedu s Ondrejom Mih\u00e1\u013eom v stredu 10. j\u00fala 2024 o 17:30. Nov\u00e1 kniha Ondreja Mih\u00e1\u013ea s n\u00e1zvom \u201cStr\u00e1\u017ecovia dedi\u010dstva\u201d je rovnako ako predch\u00e1dzaj\u00face, venovan\u00e1 Slov\u00e1kom v Kanade. V tomto pr\u00edpade pon\u00faka \u0161irok\u00fd poh\u013ead na slovensk\u00e9 osobnosti, ktor\u00e9 budovali slovensk\u00fa Kanadu posledn\u00fdch 140 rokov. M\u00e1 podobn\u00fd koncept ako publik\u00e1cia \u201cStopy sl\u00e1vy zaviate \u010dasom\u201d, &#8230; <a title=\"Str\u00e1\u017ecovia dedi\u010dstva\" class=\"read-more\" href=\"https:\/\/www.krajskakniznicazilina.sk\/index.php\/2024\/06\/24\/strazcovia-dedicstva\/\" aria-label=\"Pre\u010d\u00edtajte si viac o Str\u00e1\u017ecovia dedi\u010dstva\">\u010c\u00edta\u0165 viac<\/a><\/p>\n","protected":false},"author":1,"featured_media":0,"comment_status":"open","ping_status":"open","sticky":false,"template":"","format":"image","meta":{"footnotes":""},"categories":[1],"tags":[],"class_list":["post-13102","post","type-post","status-publish","format-image","hentry","category-oznam","post_format-post-format-image"],"_links":{"self":[{"href":"https:\/\/www.krajskakniznicazilina.sk\/index.php\/wp-json\/wp\/v2\/posts\/13102","targetHints":{"allow":["GET"]}}],"collection":[{"href":"https:\/\/www.krajskakniznicazilina.sk\/index.php\/wp-json\/wp\/v2\/posts"}],"about":[{"href":"https:\/\/www.krajskakniznicazilina.sk\/index.php\/wp-json\/wp\/v2\/types\/post"}],"author":[{"embeddable":true,"href":"https:\/\/www.krajskakniznicazilina.sk\/index.php\/wp-json\/wp\/v2\/users\/1"}],"replies":[{"embeddable":true,"href":"https:\/\/www.krajskakniznicazilina.sk\/index.php\/wp-json\/wp\/v2\/comments?post=13102"}],"version-history":[{"count":1,"href":"https:\/\/www.krajskakniznicazilina.sk\/index.php\/wp-json\/wp\/v2\/posts\/13102\/revisions"}],"predecessor-version":[{"id":13103,"href":"https:\/\/www.krajskakniznicazilina.sk\/index.php\/wp-json\/wp\/v2\/posts\/13102\/revisions\/13103"}],"wp:attachment":[{"href":"https:\/\/www.krajskakniznicazilina.sk\/index.php\/wp-json\/wp\/v2\/media?parent=13102"}],"wp:term":[{"taxonomy":"category","embeddable":true,"href":"https:\/\/www.krajskakniznicazilina.sk\/index.php\/wp-json\/wp\/v2\/categories?post=13102"},{"taxonomy":"post_tag","embeddable":true,"href":"https:\/\/www.krajskakniznicazilina.sk\/index.php\/wp-json\/wp\/v2\/tags?post=13102"}],"curies":[{"name":"wp","href":"https:\/\/api.w.org\/{rel}","templated":true}]}}