{"id":13105,"date":"2024-06-19T07:02:00","date_gmt":"2024-06-19T05:02:00","guid":{"rendered":"https:\/\/www.krajskakniznicazilina.sk\/?p=13105"},"modified":"2024-06-11T11:41:33","modified_gmt":"2024-06-11T09:41:33","slug":"letna-sachova-sutaz-2","status":"publish","type":"post","link":"https:\/\/www.krajskakniznicazilina.sk\/index.php\/2024\/06\/19\/letna-sachova-sutaz-2\/","title":{"rendered":"Letn\u00e1 \u0161achov\u00e1 s\u00fa\u0165a\u017e"},"content":{"rendered":"<p style=\"text-align: justify;\"><a href=\"https:\/\/www.krajskakniznicazilina.sk\/clanky\/2024\/07\/%C5%A1ach%20s%C3%BA%C5%A5a%C5%BE.jpg\"><img decoding=\"async\" class=\"alignleft size-full\" src=\"https:\/\/www.krajskakniznicazilina.sk\/clanky\/2024\/07\/%C5%A1ach%20s%C3%BA%C5%A5a%C5%BE.jpg\" alt=\"plag\u00e1t\" width=\"40%\" height=\"40%\" \/><\/a>M\u00e1te radi \u0161ach a chcete si zmera\u0165 svoje sily aj s ostatn\u00fdmi? Po\u010das letn\u00fdch pr\u00e1zdnin sa m\u00f4\u017eete z\u00fa\u010dastni\u0165 s\u00fa\u0165a\u017e\u00ed v \u0161achu v pr\u00edjemnom prostred\u00ed Liter\u00e1rneho parku za Krajskou kni\u017enicou v \u017diline. S\u00fa\u0165a\u017e je vhodn\u00e1 pre v\u0161etk\u00fdch nad\u0161encov od 5 do 15 rokov. Nutn\u00e9 prihl\u00e1senie vopred. Zmena programu vyhraden\u00e1.<\/p>\n<p><strong>8. j\u00fala od 10:00 do 14:00<\/strong> &#8211; prihl\u00e1senie: <a href=\"https:\/\/forms.gle\/waDNr3eUrMxWWiqN9\">https:\/\/forms.gle\/waDNr3eUrMxWWiqN9<\/a><\/p>\n<p style=\"text-align: justify;\"><strong><a href=\"https:\/\/www.krajskakniznicazilina.sk\/clanky\/2024\/08\/%C5%A1ach%20s%C3%BA%C5%A5a%C5%BE.jpg\"><img decoding=\"async\" class=\"alignleft size-full\" src=\"https:\/\/www.krajskakniznicazilina.sk\/clanky\/2024\/08\/%C5%A1ach%20s%C3%BA%C5%A5a%C5%BE.jpg\" alt=\"plag\u00e1t\" width=\"40%\" height=\"40%\" \/><\/a>5. augusta od 10:00 do 14:00<\/strong> &#8211; prihl\u00e1senie: <a href=\"https:\/\/forms.gle\/3Dvb6mVYcXTn44oZ9\">https:\/\/forms.gle\/3Dvb6mVYcXTn44oZ9<\/a><\/p>\n","protected":false},"excerpt":{"rendered":"<p>M\u00e1te radi \u0161ach a chcete si zmera\u0165 svoje sily aj s ostatn\u00fdmi? Po\u010das letn\u00fdch pr\u00e1zdnin sa m\u00f4\u017eete z\u00fa\u010dastni\u0165 s\u00fa\u0165a\u017e\u00ed v \u0161achu v pr\u00edjemnom prostred\u00ed Liter\u00e1rneho parku za Krajskou kni\u017enicou v \u017diline. S\u00fa\u0165a\u017e je vhodn\u00e1 pre v\u0161etk\u00fdch nad\u0161encov od 5 do 15 rokov. Nutn\u00e9 prihl\u00e1senie vopred. Zmena programu vyhraden\u00e1. 8. j\u00fala od 10:00 do 14:00 &#8211; &#8230; <a title=\"Letn\u00e1 \u0161achov\u00e1 s\u00fa\u0165a\u017e\" class=\"read-more\" href=\"https:\/\/www.krajskakniznicazilina.sk\/index.php\/2024\/06\/19\/letna-sachova-sutaz-2\/\" aria-label=\"Pre\u010d\u00edtajte si viac o Letn\u00e1 \u0161achov\u00e1 s\u00fa\u0165a\u017e\">\u010c\u00edta\u0165 viac<\/a><\/p>\n","protected":false},"author":1,"featured_media":0,"comment_status":"open","ping_status":"open","sticky":false,"template":"","format":"image","meta":{"footnotes":""},"categories":[30,12,72],"tags":[],"class_list":["post-13105","post","type-post","status-publish","format-image","hentry","category-detske-leto","category-podujatie","category-sachovy-klub","post_format-post-format-image"],"_links":{"self":[{"href":"https:\/\/www.krajskakniznicazilina.sk\/index.php\/wp-json\/wp\/v2\/posts\/13105","targetHints":{"allow":["GET"]}}],"collection":[{"href":"https:\/\/www.krajskakniznicazilina.sk\/index.php\/wp-json\/wp\/v2\/posts"}],"about":[{"href":"https:\/\/www.krajskakniznicazilina.sk\/index.php\/wp-json\/wp\/v2\/types\/post"}],"author":[{"embeddable":true,"href":"https:\/\/www.krajskakniznicazilina.sk\/index.php\/wp-json\/wp\/v2\/users\/1"}],"replies":[{"embeddable":true,"href":"https:\/\/www.krajskakniznicazilina.sk\/index.php\/wp-json\/wp\/v2\/comments?post=13105"}],"version-history":[{"count":4,"href":"https:\/\/www.krajskakniznicazilina.sk\/index.php\/wp-json\/wp\/v2\/posts\/13105\/revisions"}],"predecessor-version":[{"id":13109,"href":"https:\/\/www.krajskakniznicazilina.sk\/index.php\/wp-json\/wp\/v2\/posts\/13105\/revisions\/13109"}],"wp:attachment":[{"href":"https:\/\/www.krajskakniznicazilina.sk\/index.php\/wp-json\/wp\/v2\/media?parent=13105"}],"wp:term":[{"taxonomy":"category","embeddable":true,"href":"https:\/\/www.krajskakniznicazilina.sk\/index.php\/wp-json\/wp\/v2\/categories?post=13105"},{"taxonomy":"post_tag","embeddable":true,"href":"https:\/\/www.krajskakniznicazilina.sk\/index.php\/wp-json\/wp\/v2\/tags?post=13105"}],"curies":[{"name":"wp","href":"https:\/\/api.w.org\/{rel}","templated":true}]}}