{"id":13110,"date":"2024-06-12T15:26:09","date_gmt":"2024-06-12T13:26:09","guid":{"rendered":"https:\/\/www.krajskakniznicazilina.sk\/?p=13110"},"modified":"2024-07-30T07:49:07","modified_gmt":"2024-07-30T05:49:07","slug":"program-na-jul-2024","status":"publish","type":"post","link":"https:\/\/www.krajskakniznicazilina.sk\/index.php\/2024\/06\/12\/program-na-jul-2024\/","title":{"rendered":"Program na j\u00fal 2024"},"content":{"rendered":"<h3>Preh\u013ead podujat\u00ed kni\u017enice na j\u00fal 2024 + prihlasovacie formul\u00e1re na podujatia:<\/h3>\n<p><!--more--><\/p>\n<p style=\"text-align: left;\">od 8. j\u00fala\/<strong>ka\u017ed\u00fd pondelok od 10:30<\/strong> do 12:00 &#8211; <strong>Najlep\u0161ie kr\u00e1tke animovan\u00e9 filmy pre deti 2024<\/strong>, Best of Fest An\u010da (5+)<\/p>\n<p style=\"text-align: left;\">od 10. j\u00fala\/<strong>ka\u017ed\u00fa stredu od 16:00<\/strong> do 18:00 &#8211; <strong>Najlep\u0161ie kr\u00e1tke animovan\u00e9 filmy pre dospel\u00fdch 2024<\/strong>,\u00a0 Best of Fest An\u010da (15+)<\/p>\n<p><strong>ka\u017ed\u00fa stredu od 15:00 &#8211; Klub spolo\u010densk\u00fdch hier<\/strong>; prihl\u00e1senie e-mailom: <a href=\"mailto:podujatia@krajskakniznicazilina.sk\">podujatia@krajskakniznicazilina.sk<\/a><\/p>\n<p><strong>ka\u017ed\u00fd utorok o 14:00 &#8211; Klub ru\u010dn\u00fdch pr\u00e1c<\/strong><\/p>\n<p><strong>ka\u017ed\u00fa druh\u00fa stredu od 16:00 &#8211; <a href=\"https:\/\/www.krajskakniznicazilina.sk\/index.php\/2024\/06\/26\/klub-nezabudka-leto-2024\/\">Klub Nez\u00e1budka<\/a><\/strong> &#8211; diskusia o du\u0161evnom zdrav\u00ed; vstup vo\u013en\u00fd<\/p>\n<p style=\"text-align: left;\"><strong>2.7.2024 o 10:30<\/strong> &#8211; Pr\u00e1zdninov\u00fd denn\u00edk z kni\u017enice: <strong>Na kr\u00eddlach pr\u00e1zdnin<\/strong> (6+); prihl\u00e1senie: <a href=\"https:\/\/forms.gle\/r2zXuwVLFT5To98J8\">https:\/\/forms.gle\/r2zXuwVLFT5To98J8<\/a><\/p>\n<p><strong>3.7.2024 o 17:00<\/strong> &#8211; <a href=\"https:\/\/www.krajskakniznicazilina.sk\/index.php\/2024\/06\/13\/vztahy-v-rodine\/\"><strong>Vz\u0165ahy v rodine a ako ich zmeni\u0165 k lep\u0161iemu<\/strong><\/a> &#8211; predn\u00e1\u0161ka; vstup vo\u013en\u00fd<\/p>\n<p style=\"text-align: left;\"><strong>4.7.2024 o 10:30<\/strong> &#8211; Pr\u00e1zdninov\u00fd denn\u00edk z kni\u017enice: <strong>\u0160tudijn\u00e1 kresba v\u00a0plen\u00e9ri<\/strong> (13+); prihl\u00e1senie: <a href=\"https:\/\/forms.gle\/TBPzzKZPA2iYnpWq5\">https:\/\/forms.gle\/TBPzzKZPA2iYnpWq5<\/a><\/p>\n<p style=\"text-align: left;\"><strong>8.7.2024 od 10:00<\/strong> do 14:00 &#8211; <strong>Letn\u00e1 \u0161achov\u00e1 s\u00fa\u0165a\u017e<\/strong> (5-15); prihl\u00e1senie: <a href=\"https:\/\/forms.gle\/waDNr3eUrMxWWiqN9\">https:\/\/forms.gle\/waDNr3eUrMxWWiqN9<\/a><\/p>\n<p style=\"text-align: left;\"><strong>9.7.2024 o 10:30<\/strong> &#8211; Pr\u00e1zdninov\u00fd denn\u00edk z kni\u017enice: <strong>Komiks<\/strong> (9-12); prihl\u00e1senie: <a href=\"https:\/\/forms.gle\/FFBx8HaX9X7v3fkY6\">https:\/\/forms.gle\/FFBx8HaX9X7v3fkY6<\/a><\/p>\n<p style=\"text-align: left;\"><strong>10.7. 2024 o 17:30<\/strong> &#8211; <strong>Str\u00e1\u017ecovia dedi\u010dstva<\/strong> (beseda pre verejnos\u0165); vstup vo\u013en\u00fd<\/p>\n<p style=\"text-align: left;\"><strong>11.7.2024 o 10:30<\/strong> &#8211; Pr\u00e1zdninov\u00fd denn\u00edk z kni\u017enice: <strong>Maliar bez \u0161tetca<\/strong> (6+); prihl\u00e1senie: <a href=\"https:\/\/forms.gle\/FmHEPZajeKZhsqNDA\">https:\/\/forms.gle\/FmHEPZajeKZhsqNDA<\/a><\/p>\n<p style=\"text-align: left;\"><strong>15.7.2024 od 10:00<\/strong> do 12:00 &#8211; Teen Summer &#8217;24 &#8211; <strong>Kost\u00fdmov\u00e9 doplnky<\/strong> (12-20); vstup vo\u013en\u00fd<\/p>\n<p style=\"text-align: left;\"><strong>16.7.2024 o 10:30<\/strong> &#8211; Pr\u00e1zdninov\u00fd denn\u00edk z kni\u017enice: <strong>Hrn\u010dek var<\/strong> (3-4); prihl\u00e1senie: <a href=\"https:\/\/forms.gle\/5wonHpDoD4nLCEW69\">https:\/\/forms.gle\/5wonHpDoD4nLCEW69<\/a><\/p>\n<p style=\"text-align: left;\"><strong>17.7.2024 o 16:30<\/strong> &#8211; <strong>\u0160ermiarsky tr\u00e9ning<\/strong> (6+); vstup vo\u013en\u00fd<\/p>\n<p><em>17.7. &#8211; predn\u00e1\u0161ka D\u00e1 sa zdedi\u0165 trauma bola <strong>ZRU\u0160EN\u00c1<\/strong>.<\/em><\/p>\n<p style=\"text-align: left;\"><strong>18.7.2024 o 10:30<\/strong> &#8211; Pr\u00e1zdninov\u00fd denn\u00edk z kni\u017enice: <strong>V\u00fdroba ozdobnej d\u00f3zy<\/strong> (8+); prihl\u00e1senie: <a href=\"https:\/\/forms.gle\/HNi49Ar5VsjEEo567\">https:\/\/forms.gle\/HNi49Ar5VsjEEo567<\/a><\/p>\n<p style=\"text-align: left;\"><strong>23.7.2024 o 10:30<\/strong> &#8211; Pr\u00e1zdninov\u00fd denn\u00edk z kni\u017enice: <strong>O\u00a0Gu\u013ekovi Bombu\u013ekovi<\/strong> (5-9); prihl\u00e1senie: <a href=\"https:\/\/forms.gle\/7tDevwLzshMHtwVu7\">https:\/\/forms.gle\/7tDevwLzshMHtwVu7<\/a><\/p>\n<p style=\"text-align: left;\"><strong>24.7.2024 od 16:0<\/strong>0 do 18:00 &#8211; Ve\u010dern\u00fd tvoriv\u00fd klub: <strong>Kresba portr\u00e9tu alebo krajiny<\/strong> (8+); prihl\u00e1senie emailom: <a href=\"mailto:tvorivedielne@krajskakniznicazilina.sk\">tvorivedielne@krajskakniznicazilina.sk<\/a><\/p>\n<p style=\"text-align: left;\"><strong>25.7.2024 o 10:30<\/strong> &#8211; Pr\u00e1zdninov\u00fd denn\u00edk z kni\u017enice: <strong>Kol\u00e1\u017e<\/strong> (5-10); prihl\u00e1senie: <a href=\"https:\/\/forms.gle\/mwFSKTnxW9JqCA4X8\">https:\/\/forms.gle\/mwFSKTnxW9JqCA4X8<\/a><\/p>\n<p style=\"text-align: left;\"><strong>29.7.2024 od 10:00<\/strong> do 12:00 &#8211; Teen Summer &#8217;24 &#8211; <strong>Zentangle a Relaxa\u010dn\u00e9 oma\u013eov\u00e1nky<\/strong> (12-20); vstup vo\u013en\u00fd<\/p>\n<p style=\"text-align: left;\"><strong>30.7.2024 o 10:30<\/strong> &#8211; Pr\u00e1zdninov\u00fd denn\u00edk z kni\u017enice: <strong>Hrav\u00e9 programovanie micro:bit<\/strong> (9-13); prihl\u00e1senie: <a href=\"https:\/\/forms.gle\/RSrxN1t1YbbE8aVH8\">https:\/\/forms.gle\/RSrxN1t1YbbE8aVH8<\/a><\/p>\n<hr \/>\n<p style=\"text-align: left;\">Deti, ktor\u00e9 sa bud\u00fa z\u00fa\u010dast\u0148ova\u0165 na podujatiach musia by\u0165 v sprievode z\u00e1konn\u00e9ho z\u00e1stupcu\/rodi\u010da.<\/p>\n","protected":false},"excerpt":{"rendered":"<p>Preh\u013ead podujat\u00ed kni\u017enice na j\u00fal 2024 + prihlasovacie formul\u00e1re na podujatia:<\/p>\n","protected":false},"author":1,"featured_media":0,"comment_status":"open","ping_status":"open","sticky":false,"template":"","format":"image","meta":{"footnotes":""},"categories":[1,17],"tags":[],"class_list":["post-13110","post","type-post","status-publish","format-image","hentry","category-oznam","category-program","post_format-post-format-image"],"_links":{"self":[{"href":"https:\/\/www.krajskakniznicazilina.sk\/index.php\/wp-json\/wp\/v2\/posts\/13110","targetHints":{"allow":["GET"]}}],"collection":[{"href":"https:\/\/www.krajskakniznicazilina.sk\/index.php\/wp-json\/wp\/v2\/posts"}],"about":[{"href":"https:\/\/www.krajskakniznicazilina.sk\/index.php\/wp-json\/wp\/v2\/types\/post"}],"author":[{"embeddable":true,"href":"https:\/\/www.krajskakniznicazilina.sk\/index.php\/wp-json\/wp\/v2\/users\/1"}],"replies":[{"embeddable":true,"href":"https:\/\/www.krajskakniznicazilina.sk\/index.php\/wp-json\/wp\/v2\/comments?post=13110"}],"version-history":[{"count":25,"href":"https:\/\/www.krajskakniznicazilina.sk\/index.php\/wp-json\/wp\/v2\/posts\/13110\/revisions"}],"predecessor-version":[{"id":13219,"href":"https:\/\/www.krajskakniznicazilina.sk\/index.php\/wp-json\/wp\/v2\/posts\/13110\/revisions\/13219"}],"wp:attachment":[{"href":"https:\/\/www.krajskakniznicazilina.sk\/index.php\/wp-json\/wp\/v2\/media?parent=13110"}],"wp:term":[{"taxonomy":"category","embeddable":true,"href":"https:\/\/www.krajskakniznicazilina.sk\/index.php\/wp-json\/wp\/v2\/categories?post=13110"},{"taxonomy":"post_tag","embeddable":true,"href":"https:\/\/www.krajskakniznicazilina.sk\/index.php\/wp-json\/wp\/v2\/tags?post=13110"}],"curies":[{"name":"wp","href":"https:\/\/api.w.org\/{rel}","templated":true}]}}