{"id":13135,"date":"2024-06-13T12:49:17","date_gmt":"2024-06-13T10:49:17","guid":{"rendered":"https:\/\/www.krajskakniznicazilina.sk\/?p=13135"},"modified":"2024-06-14T10:45:14","modified_gmt":"2024-06-14T08:45:14","slug":"vztahy-v-rodine","status":"publish","type":"post","link":"https:\/\/www.krajskakniznicazilina.sk\/index.php\/2024\/06\/13\/vztahy-v-rodine\/","title":{"rendered":"Vz\u0165ahy v rodine a ako ich zmeni\u0165 k lep\u0161iemu"},"content":{"rendered":"<p style=\"text-align: justify;\"><a href=\"https:\/\/www.krajskakniznicazilina.sk\/clanky\/2024\/07\/vz%C5%A5ahy%20v%20rodine.jpg\"><img decoding=\"async\" class=\"alignleft size-full\" src=\"https:\/\/www.krajskakniznicazilina.sk\/clanky\/2024\/07\/vz%C5%A5ahy%20v%20rodine.jpg\" alt=\"plag\u00e1t\" width=\"30%\" height=\"30%\" \/><\/a>Viete ako komunikova\u0165 s de\u0165mi tak, aby komunik\u00e1cia podporovala najvy\u0161\u0161\u00ed potenci\u00e1l die\u0165a\u0165a? Ako vz\u0165ahy zmeni\u0165 k\u00a0lep\u0161iemu a\u00a0ako s\u00a0t\u00fdm pracova\u0165? Pr\u00ed\u010fte na predn\u00e1\u0161ku v stredu <strong>3. j\u00fala o 17:00<\/strong> do Krajskej kni\u017enice v \u017diline. Viac sa dozviete aj o in\u00fdch poh\u013eadoch na vz\u0165ahy v soci\u00e1lnej skupine \u2013 rodine, ale aj o tom ako vpl\u00fdva na die\u0165a de\u0161trukt\u00edvna v\u00fdmena rol\u00ed mama \u2013 otec.<\/p>\n<p>Vstup je vo\u013en\u00fd.<\/p>\n","protected":false},"excerpt":{"rendered":"<p>Viete ako komunikova\u0165 s de\u0165mi tak, aby komunik\u00e1cia podporovala najvy\u0161\u0161\u00ed potenci\u00e1l die\u0165a\u0165a? Ako vz\u0165ahy zmeni\u0165 k\u00a0lep\u0161iemu a\u00a0ako s\u00a0t\u00fdm pracova\u0165? Pr\u00ed\u010fte na predn\u00e1\u0161ku v stredu 3. j\u00fala o 17:00 do Krajskej kni\u017enice v \u017diline. Viac sa dozviete aj o in\u00fdch poh\u013eadoch na vz\u0165ahy v soci\u00e1lnej skupine \u2013 rodine, ale aj o tom ako vpl\u00fdva na die\u0165a &#8230; <a title=\"Vz\u0165ahy v rodine a ako ich zmeni\u0165 k lep\u0161iemu\" class=\"read-more\" href=\"https:\/\/www.krajskakniznicazilina.sk\/index.php\/2024\/06\/13\/vztahy-v-rodine\/\" aria-label=\"Pre\u010d\u00edtajte si viac o Vz\u0165ahy v rodine a ako ich zmeni\u0165 k lep\u0161iemu\">\u010c\u00edta\u0165 viac<\/a><\/p>\n","protected":false},"author":1,"featured_media":0,"comment_status":"open","ping_status":"open","sticky":false,"template":"","format":"image","meta":{"footnotes":""},"categories":[12,22],"tags":[],"class_list":["post-13135","post","type-post","status-publish","format-image","hentry","category-podujatie","category-prednaska","post_format-post-format-image"],"_links":{"self":[{"href":"https:\/\/www.krajskakniznicazilina.sk\/index.php\/wp-json\/wp\/v2\/posts\/13135","targetHints":{"allow":["GET"]}}],"collection":[{"href":"https:\/\/www.krajskakniznicazilina.sk\/index.php\/wp-json\/wp\/v2\/posts"}],"about":[{"href":"https:\/\/www.krajskakniznicazilina.sk\/index.php\/wp-json\/wp\/v2\/types\/post"}],"author":[{"embeddable":true,"href":"https:\/\/www.krajskakniznicazilina.sk\/index.php\/wp-json\/wp\/v2\/users\/1"}],"replies":[{"embeddable":true,"href":"https:\/\/www.krajskakniznicazilina.sk\/index.php\/wp-json\/wp\/v2\/comments?post=13135"}],"version-history":[{"count":3,"href":"https:\/\/www.krajskakniznicazilina.sk\/index.php\/wp-json\/wp\/v2\/posts\/13135\/revisions"}],"predecessor-version":[{"id":13153,"href":"https:\/\/www.krajskakniznicazilina.sk\/index.php\/wp-json\/wp\/v2\/posts\/13135\/revisions\/13153"}],"wp:attachment":[{"href":"https:\/\/www.krajskakniznicazilina.sk\/index.php\/wp-json\/wp\/v2\/media?parent=13135"}],"wp:term":[{"taxonomy":"category","embeddable":true,"href":"https:\/\/www.krajskakniznicazilina.sk\/index.php\/wp-json\/wp\/v2\/categories?post=13135"},{"taxonomy":"post_tag","embeddable":true,"href":"https:\/\/www.krajskakniznicazilina.sk\/index.php\/wp-json\/wp\/v2\/tags?post=13135"}],"curies":[{"name":"wp","href":"https:\/\/api.w.org\/{rel}","templated":true}]}}