{"id":13141,"date":"2024-06-14T09:29:52","date_gmt":"2024-06-14T07:29:52","guid":{"rendered":"https:\/\/www.krajskakniznicazilina.sk\/?p=13141"},"modified":"2024-06-26T12:05:18","modified_gmt":"2024-06-26T10:05:18","slug":"prazdninovy-dennik-z-kniznice-jul-2","status":"publish","type":"post","link":"https:\/\/www.krajskakniznicazilina.sk\/index.php\/2024\/06\/14\/prazdninovy-dennik-z-kniznice-jul-2\/","title":{"rendered":"Pr\u00e1zdninov\u00fd denn\u00edk z kni\u017enice &#8211; j\u00fal"},"content":{"rendered":"<p style=\"text-align: justify;\"><strong><a href=\"https:\/\/www.krajskakniznicazilina.sk\/clanky\/2024\/07\/pr%C3%A1zd%20denn%C3%ADk%201.jpg\"><img decoding=\"async\" class=\"alignright size-full\" src=\"https:\/\/www.krajskakniznicazilina.sk\/clanky\/2024\/07\/pr%C3%A1zd%20denn%C3%ADk%201.jpg\" alt=\"plag\u00e1t\" width=\"40%\" height=\"40%\" \/><\/a>Na kr\u00eddlach pr\u00e1zdnin &#8211; 2. j\u00fala o 10:30<\/strong><\/p>\n<p style=\"text-align: justify;\">O pr\u00e1zdninov\u00fdch pl\u00e1noch a dobrodru\u017estv\u00e1ch, ale aj o tom \u010do je zauj\u00edmav\u00e9 a \u010do sa d\u00e1 vidie\u0165 v na\u0161om okol\u00ed. Na z\u00e1ver si vyrob\u00edme r\u00f4zne typy papierov\u00fdch lietadielok s ktor\u00fdmi sa zahr\u00e1me. Vhodn\u00e9 pre deti<strong> od 6 rokov<\/strong>, v sprievode rodi\u010dov.<br \/>\nNa podujatie\u00a0<strong>je potrebn\u00e9 sa prihl\u00e1si\u0165<\/strong>:\u00a0<strong><a href=\"https:\/\/forms.gle\/r2zXuwVLFT5To98J8\">https:\/\/forms.gle\/r2zXuwVLFT5To98J8<\/a><\/strong><\/p>\n<p style=\"text-align: justify;\"><strong>\u0160tudijn\u00e1 kresba v plen\u00e9ri &#8211; 4. j\u00fala o 10:30<\/strong><!--more--><\/p>\n<p style=\"text-align: justify;\">V\u010faka zna\u010dn\u00e9mu z\u00e1ujmu o kresbu po\u010das jarn\u00fdch pr\u00e1zdnin sa jej budeme venova\u0165 aj po\u010das leta. Pre pr\u00e1zdninuj\u00facich \u0161tudentov prebehne z\u00e1\u017eitkov\u00e9 podujatie \u0161tudijnej kresby v plen\u00e9ri. V Liter\u00e1rnom parku budeme kresli\u0165 detaily stromov, kvetov \u010di architekt\u00fary. Vhodn\u00e9 pre deti <strong>od 13 rokov<\/strong>.<br \/>\nNa podujatie\u00a0<strong>je potrebn\u00e9 sa prihl\u00e1si\u0165<\/strong>: <strong><a href=\"https:\/\/forms.gle\/TBPzzKZPA2iYnpWq5\">https:\/\/forms.gle\/TBPzzKZPA2iYnpWq5<\/a><\/strong><\/p>\n<p style=\"text-align: justify;\"><strong>Komiks &#8211; 9. j\u00fala o 10:30<\/strong><\/p>\n<p style=\"text-align: justify;\">O hist\u00f3rii komiksu, uk\u00e1\u017eeme si ako vyzerali najstar\u0161ie komiksy a zameriame sa na pr\u00edbehov\u00fa aj v\u00fdtvarn\u00fa str\u00e1nku tejto ob\u013e\u00fabenej literat\u00fary pre deti.<br \/>\nPodujatie je vhodn\u00e9 pre deti <strong>od 9 do 12 rokov<\/strong>, v sprievode rodi\u010dov.<br \/>\nNa podujatie\u00a0<strong>je potrebn\u00e9 sa prihl\u00e1si\u0165<\/strong>: <a href=\"https:\/\/forms.gle\/FFBx8HaX9X7v3fkY6\"><strong>https:\/\/forms.gle\/FFBx8HaX9X7v3fkY6<\/strong><\/a><\/p>\n<p style=\"text-align: justify;\"><strong>Maliar bez \u0161tetca &#8211; 11. j\u00fala o 10:30<\/strong><\/p>\n<p style=\"text-align: justify;\">Kreat\u00edvne ma\u013eovanie farbami na sto\u010den\u00fd obr\u00faskov\u00fd papier zmotan\u00fd do tvaru zvieratka alebo kvetov. Podujatie je vhodn\u00e9 pre deti <strong>od 6 rokov<\/strong>, v sprievode rodi\u010dov.<br \/>\nNa podujatie\u00a0<strong>je potrebn\u00e9 sa prihl\u00e1si\u0165<\/strong>: <a href=\"https:\/\/forms.gle\/FmHEPZajeKZhsqNDA\"><strong>https:\/\/forms.gle\/FmHEPZajeKZhsqNDA<\/strong><\/a><\/p>\n<p style=\"text-align: justify;\">Zmena programu vyhraden\u00e1.<\/p>\n<p>PROJEKT JE SPOLUFINANCOVAN\u00dd MESTOM \u017dILINA.<\/p>\n","protected":false},"excerpt":{"rendered":"<p>Na kr\u00eddlach pr\u00e1zdnin &#8211; 2. j\u00fala o 10:30 O pr\u00e1zdninov\u00fdch pl\u00e1noch a dobrodru\u017estv\u00e1ch, ale aj o tom \u010do je zauj\u00edmav\u00e9 a \u010do sa d\u00e1 vidie\u0165 v na\u0161om okol\u00ed. Na z\u00e1ver si vyrob\u00edme r\u00f4zne typy papierov\u00fdch lietadielok s ktor\u00fdmi sa zahr\u00e1me. Vhodn\u00e9 pre deti od 6 rokov, v sprievode rodi\u010dov. Na podujatie\u00a0je potrebn\u00e9 sa prihl\u00e1si\u0165:\u00a0https:\/\/forms.gle\/r2zXuwVLFT5To98J8 \u0160tudijn\u00e1 &#8230; <a title=\"Pr\u00e1zdninov\u00fd denn\u00edk z kni\u017enice &#8211; j\u00fal\" class=\"read-more\" href=\"https:\/\/www.krajskakniznicazilina.sk\/index.php\/2024\/06\/14\/prazdninovy-dennik-z-kniznice-jul-2\/\" aria-label=\"Pre\u010d\u00edtajte si viac o Pr\u00e1zdninov\u00fd denn\u00edk z kni\u017enice &#8211; j\u00fal\">\u010c\u00edta\u0165 viac<\/a><\/p>\n","protected":false},"author":1,"featured_media":0,"comment_status":"open","ping_status":"open","sticky":false,"template":"","format":"image","meta":{"footnotes":""},"categories":[30,12,73,17,68],"tags":[],"class_list":["post-13141","post","type-post","status-publish","format-image","hentry","category-detske-leto","category-podujatie","category-pre-deti","category-program","category-projekt","post_format-post-format-image"],"_links":{"self":[{"href":"https:\/\/www.krajskakniznicazilina.sk\/index.php\/wp-json\/wp\/v2\/posts\/13141","targetHints":{"allow":["GET"]}}],"collection":[{"href":"https:\/\/www.krajskakniznicazilina.sk\/index.php\/wp-json\/wp\/v2\/posts"}],"about":[{"href":"https:\/\/www.krajskakniznicazilina.sk\/index.php\/wp-json\/wp\/v2\/types\/post"}],"author":[{"embeddable":true,"href":"https:\/\/www.krajskakniznicazilina.sk\/index.php\/wp-json\/wp\/v2\/users\/1"}],"replies":[{"embeddable":true,"href":"https:\/\/www.krajskakniznicazilina.sk\/index.php\/wp-json\/wp\/v2\/comments?post=13141"}],"version-history":[{"count":4,"href":"https:\/\/www.krajskakniznicazilina.sk\/index.php\/wp-json\/wp\/v2\/posts\/13141\/revisions"}],"predecessor-version":[{"id":13182,"href":"https:\/\/www.krajskakniznicazilina.sk\/index.php\/wp-json\/wp\/v2\/posts\/13141\/revisions\/13182"}],"wp:attachment":[{"href":"https:\/\/www.krajskakniznicazilina.sk\/index.php\/wp-json\/wp\/v2\/media?parent=13141"}],"wp:term":[{"taxonomy":"category","embeddable":true,"href":"https:\/\/www.krajskakniznicazilina.sk\/index.php\/wp-json\/wp\/v2\/categories?post=13141"},{"taxonomy":"post_tag","embeddable":true,"href":"https:\/\/www.krajskakniznicazilina.sk\/index.php\/wp-json\/wp\/v2\/tags?post=13141"}],"curies":[{"name":"wp","href":"https:\/\/api.w.org\/{rel}","templated":true}]}}