{"id":13148,"date":"2024-06-21T08:14:33","date_gmt":"2024-06-21T06:14:33","guid":{"rendered":"https:\/\/www.krajskakniznicazilina.sk\/?p=13148"},"modified":"2024-07-08T09:37:09","modified_gmt":"2024-07-08T07:37:09","slug":"prazdninovy-dennik-z-kniznice-jul-3","status":"publish","type":"post","link":"https:\/\/www.krajskakniznicazilina.sk\/index.php\/2024\/06\/21\/prazdninovy-dennik-z-kniznice-jul-3\/","title":{"rendered":"Pr\u00e1zdninov\u00fd denn\u00edk z kni\u017enice \u2013 j\u00fal"},"content":{"rendered":"<p style=\"text-align: justify;\"><strong><a href=\"https:\/\/www.krajskakniznicazilina.sk\/clanky\/2024\/07\/pr%C3%A1zd%20denn%C3%ADk%202.jpg\"><img decoding=\"async\" class=\"alignright size-full\" src=\"https:\/\/www.krajskakniznicazilina.sk\/clanky\/2024\/07\/pr%C3%A1zd%20denn%C3%ADk%202.jpg\" alt=\"plag\u00e1t\" width=\"40%\" height=\"40%\" \/><\/a>Hrn\u010dek var &#8211; 16. j\u00fala o 10:30<\/strong><\/p>\n<p style=\"text-align: justify;\">S najmen\u0161\u00edmi de\u0165mi si precvi\u010d\u00edme jemn\u00fa motoriku r\u00fak v z\u00e1bavnej a interakt\u00edvnej atmosf\u00e9re. Budeme si vari\u0165 ka\u0161i\u010dku v ma\u013eovanom hrn\u010deku. Vhodn\u00e9 pre deti <strong>od 3 do 4 rokov<\/strong> v sprievode rodi\u010dov.<br \/>\nNa podujatie\u00a0<strong>je potrebn\u00e9 sa prihl\u00e1si\u0165<\/strong>: <a href=\"https:\/\/forms.gle\/5wonHpDoD4nLCEW69\"><strong>https:\/\/forms.gle\/5wonHpDoD4nLCEW69<\/strong><\/a><\/p>\n<p style=\"text-align: justify;\"><strong>V\u00fdroba ozdobnej d\u00f3zy &#8211; 18. j\u00fala o 10:30<\/strong><!--more--><\/p>\n<p style=\"text-align: justify;\">V\u00fdroba ozdobnej d\u00f3zy technikou Paverpol. Podujatie je vhodn\u00e9 pre deti <strong>od 8 rokov<\/strong>, v sprievode rodi\u010dov.<br \/>\nNa podujatie\u00a0<strong>je potrebn\u00e9 sa prihl\u00e1si\u0165<\/strong>: <strong><a href=\"https:\/\/forms.gle\/HNi49Ar5VsjEEo567\">https:\/\/forms.gle\/HNi49Ar5VsjEEo567<\/a><\/strong><\/p>\n<p style=\"text-align: justify;\"><strong>O Gu\u013ekovi Bombu\u013ekovi &#8211; 23. j\u00fala o 10:30<\/strong><\/p>\n<p style=\"text-align: justify;\">O kamar\u00e1tstve a \u017eivotn\u00fdch hodnot\u00e1ch ako s\u00fa \u00facta, slu\u0161nos\u0165 a l\u00e1skavos\u0165. Na z\u00e1ver podujatia bude aj tvoriv\u00e1 diel\u0148a. Podujatie je vhodn\u00e9 pre deti <strong>od 5 do 9 rokov<\/strong>.<br \/>\nNa podujatie\u00a0<strong>je potrebn\u00e9 sa prihl\u00e1si\u0165<\/strong>: <strong><a href=\"https:\/\/forms.gle\/7tDevwLzshMHtwVu7\">https:\/\/forms.gle\/7tDevwLzshMHtwVu7<\/a><\/strong><\/p>\n<p style=\"text-align: justify;\"><strong>Kol\u00e1\u017e &#8211; 25. j\u00fala o 10:30<\/strong><\/p>\n<p style=\"text-align: justify;\">Radi strih\u00e1te, lep\u00edte a tvor\u00edte? Chcete sa zabavi\u0165 a precvi\u010di\u0165 si ruky? Nau\u010d\u00edme sa robi\u0165 kol\u00e1\u017e a spolu si vytvor\u00edme obr\u00e1zok ma\u010dky, psa alebo aj korytna\u010dky.<br \/>\nTvoriv\u00e9 dielne s\u00fa ur\u010den\u00e9 pre deti<strong> od 5 do 10 rokov<\/strong> v sprievode rodi\u010dov.<br \/>\nNa podujatie\u00a0<strong>je potrebn\u00e9 sa prihl\u00e1si\u0165<\/strong>: <strong><a href=\"https:\/\/forms.gle\/mwFSKTnxW9JqCA4X8\">https:\/\/forms.gle\/mwFSKTnxW9JqCA4X8<\/a><\/strong><\/p>\n<p style=\"text-align: justify;\"><strong>Hrav\u00e9 programovanie micro:bit &#8211; 30. j\u00fala o 10:30<\/strong><\/p>\n<p style=\"text-align: justify;\">S pomocou zariadenia BBC micro:bit si vysvetl\u00edme z\u00e1klady blokov\u00e9ho programovania. Povieme si ako sa so zariaden\u00edm pracuje, ak\u00e9 s\u00fa jeho funkcie a vyu\u017eitie a po kr\u00e1tkej in\u0161trukt\u00e1\u017ei bud\u00fa \u00fa\u010dastn\u00edci vedie\u0165 do micro:bitu naprogramova\u0165 z\u00e1kladn\u00e9 pr\u00edkazy. Vhodn\u00e9 pre deti<strong> od 9 do 13 rokov<\/strong> v sprievode rodi\u010dov.<br \/>\nNa podujatie\u00a0<strong>je potrebn\u00e9 sa prihl\u00e1si\u0165<\/strong>: <strong><a href=\"https:\/\/forms.gle\/RSrxN1t1YbbE8aVH8\">https:\/\/forms.gle\/RSrxN1t1YbbE8aVH8<\/a><\/strong><\/p>\n<p style=\"text-align: justify;\">Zmena programu vyhraden\u00e1.<\/p>\n<p>PROJEKT JE SPOLUFINANCOVAN\u00dd MESTOM \u017dILINA.<\/p>\n","protected":false},"excerpt":{"rendered":"<p>Hrn\u010dek var &#8211; 16. j\u00fala o 10:30 S najmen\u0161\u00edmi de\u0165mi si precvi\u010d\u00edme jemn\u00fa motoriku r\u00fak v z\u00e1bavnej a interakt\u00edvnej atmosf\u00e9re. Budeme si vari\u0165 ka\u0161i\u010dku v ma\u013eovanom hrn\u010deku. Vhodn\u00e9 pre deti od 3 do 4 rokov v sprievode rodi\u010dov. Na podujatie\u00a0je potrebn\u00e9 sa prihl\u00e1si\u0165: https:\/\/forms.gle\/5wonHpDoD4nLCEW69 V\u00fdroba ozdobnej d\u00f3zy &#8211; 18. j\u00fala o 10:30<\/p>\n","protected":false},"author":1,"featured_media":0,"comment_status":"open","ping_status":"open","sticky":false,"template":"","format":"image","meta":{"footnotes":""},"categories":[30,12,73,17,68],"tags":[],"class_list":["post-13148","post","type-post","status-publish","format-image","hentry","category-detske-leto","category-podujatie","category-pre-deti","category-program","category-projekt","post_format-post-format-image"],"_links":{"self":[{"href":"https:\/\/www.krajskakniznicazilina.sk\/index.php\/wp-json\/wp\/v2\/posts\/13148","targetHints":{"allow":["GET"]}}],"collection":[{"href":"https:\/\/www.krajskakniznicazilina.sk\/index.php\/wp-json\/wp\/v2\/posts"}],"about":[{"href":"https:\/\/www.krajskakniznicazilina.sk\/index.php\/wp-json\/wp\/v2\/types\/post"}],"author":[{"embeddable":true,"href":"https:\/\/www.krajskakniznicazilina.sk\/index.php\/wp-json\/wp\/v2\/users\/1"}],"replies":[{"embeddable":true,"href":"https:\/\/www.krajskakniznicazilina.sk\/index.php\/wp-json\/wp\/v2\/comments?post=13148"}],"version-history":[{"count":4,"href":"https:\/\/www.krajskakniznicazilina.sk\/index.php\/wp-json\/wp\/v2\/posts\/13148\/revisions"}],"predecessor-version":[{"id":13222,"href":"https:\/\/www.krajskakniznicazilina.sk\/index.php\/wp-json\/wp\/v2\/posts\/13148\/revisions\/13222"}],"wp:attachment":[{"href":"https:\/\/www.krajskakniznicazilina.sk\/index.php\/wp-json\/wp\/v2\/media?parent=13148"}],"wp:term":[{"taxonomy":"category","embeddable":true,"href":"https:\/\/www.krajskakniznicazilina.sk\/index.php\/wp-json\/wp\/v2\/categories?post=13148"},{"taxonomy":"post_tag","embeddable":true,"href":"https:\/\/www.krajskakniznicazilina.sk\/index.php\/wp-json\/wp\/v2\/tags?post=13148"}],"curies":[{"name":"wp","href":"https:\/\/api.w.org\/{rel}","templated":true}]}}