{"id":13156,"date":"2024-07-05T07:02:09","date_gmt":"2024-07-05T05:02:09","guid":{"rendered":"https:\/\/www.krajskakniznicazilina.sk\/?p=13156"},"modified":"2024-06-26T12:05:40","modified_gmt":"2024-06-26T10:05:40","slug":"prazdninovy-dennik-z-kniznice-august-2","status":"publish","type":"post","link":"https:\/\/www.krajskakniznicazilina.sk\/index.php\/2024\/07\/05\/prazdninovy-dennik-z-kniznice-august-2\/","title":{"rendered":"Pr\u00e1zdninov\u00fd denn\u00edk z kni\u017enice \u2013 august"},"content":{"rendered":"<p style=\"text-align: justify;\"><strong><a href=\"https:\/\/www.krajskakniznicazilina.sk\/clanky\/2024\/08\/pr%C3%A1zd%20denn%C3%ADk%203.jpg\"><img decoding=\"async\" class=\"alignright size-full\" src=\"https:\/\/www.krajskakniznicazilina.sk\/clanky\/2024\/08\/pr%C3%A1zd%20denn%C3%ADk%203.jpg\" alt=\"plag\u00e1t\" width=\"40%\" height=\"40%\" \/><\/a>Plte z korkov &#8211; 1. augusta o 10:30<\/strong><\/p>\n<p style=\"text-align: justify;\">Poz\u00fdvame v\u00e1s na vzru\u0161uj\u00face dobrodru\u017estvo, kde si spolo\u010dne vytvor\u00edme vlastn\u00e9 plte z korkov. Nau\u010d\u00edme sa ako spoji\u0165 korkov\u00e9 \u0161tuple a vytvori\u0165 si z nich origin\u00e1lne plavidl\u00e1. Ka\u017ed\u00fd stavite\u013e bude ma\u0165 mo\u017enos\u0165 ozdobi\u0165 svoju pl\u0165 ob\u013e\u00faben\u00fdmi farbami a vytvori\u0165 si vlastn\u00e9 vlajky. Tvoriv\u00e9 dielne s\u00fa ur\u010den\u00e9 pre deti vo veku <strong>od 8 do 11 rokov<\/strong> v sprievode rodi\u010dov.<br \/>\nNa podujatie\u00a0<strong>je potrebn\u00e9 sa prihl\u00e1si\u0165<\/strong>: <strong><a href=\"https:\/\/forms.gle\/eUBnie3Bi9nBdMSP6\">https:\/\/forms.gle\/eUBnie3Bi9nBdMSP6<\/a><\/strong><\/p>\n<p style=\"text-align: justify;\"><strong>Chrob\u00e1\u010diky &#8211; 6. augusta o 10:30<\/strong><!--more--><\/p>\n<p style=\"text-align: justify;\">Zozn\u00e1mte sa s chrob\u00e1\u010dikmi a in\u00fdmi \u017eivo\u010d\u00edchmi, ktor\u00e9 prospievaj\u00fa n\u00e1\u0161mu \u017eivotn\u00e9mu prostrediu. Podujatie je ur\u010den\u00e9 pre deti vo veku<strong> od 6 do 9 rokov<\/strong> v sprievode rodi\u010dov.<br \/>\nNa podujatie\u00a0<strong>je potrebn\u00e9 sa prihl\u00e1si\u0165<\/strong>: <strong><a href=\"https:\/\/forms.gle\/SZG6rpNuNizvnmGn6\">https:\/\/forms.gle\/SZG6rpNuNizvnmGn6<\/a><\/strong><\/p>\n<p style=\"text-align: justify;\"><strong> Oble\u010d sa a vyjadri sa! &#8211; 8. augusta o 10:30<\/strong><\/p>\n<p style=\"text-align: justify;\">Deti sa zozn\u00e1mia s te\u00f3riou farieb, hist\u00f3riou batikovania a sp\u00f4sobmi ak\u00fdmi svetlo vpl\u00fdva na vn\u00edmanie farieb. Vlastnoru\u010dne bud\u00fa dizajnova\u0165, viaza\u0165 a farbi\u0165 svoje oble\u010denie a doplnky pod\u013ea vlastn\u00fdch predst\u00e1v. Svoj dizajn a v\u00fdber farieb bud\u00fa komentova\u0165 a obhajova\u0165, aby si natr\u00e9novali ako vyjadri\u0165 vlastn\u00fd n\u00e1zor a komunikova\u0165 svoj \u00famysel. Podujatie je ur\u010den\u00e9 pre deti vo veku <strong>od 9 do 12 rokov<\/strong> v sprievode rodi\u010dov.<br \/>\nNa podujatie\u00a0<strong>je potrebn\u00e9 sa prihl\u00e1si\u0165<\/strong>: <strong><a href=\"https:\/\/forms.gle\/7F1L9AnaDkufCtVb7\">https:\/\/forms.gle\/7F1L9AnaDkufCtVb7<\/a><\/strong><\/p>\n<p style=\"text-align: justify;\">Zmena programu vyhraden\u00e1.<\/p>\n<p>PROJEKT JE SPOLUFINANCOVAN\u00dd MESTOM \u017dILINA.<\/p>\n","protected":false},"excerpt":{"rendered":"<p>Plte z korkov &#8211; 1. augusta o 10:30 Poz\u00fdvame v\u00e1s na vzru\u0161uj\u00face dobrodru\u017estvo, kde si spolo\u010dne vytvor\u00edme vlastn\u00e9 plte z korkov. Nau\u010d\u00edme sa ako spoji\u0165 korkov\u00e9 \u0161tuple a vytvori\u0165 si z nich origin\u00e1lne plavidl\u00e1. Ka\u017ed\u00fd stavite\u013e bude ma\u0165 mo\u017enos\u0165 ozdobi\u0165 svoju pl\u0165 ob\u013e\u00faben\u00fdmi farbami a vytvori\u0165 si vlastn\u00e9 vlajky. Tvoriv\u00e9 dielne s\u00fa ur\u010den\u00e9 pre deti &#8230; <a title=\"Pr\u00e1zdninov\u00fd denn\u00edk z kni\u017enice \u2013 august\" class=\"read-more\" href=\"https:\/\/www.krajskakniznicazilina.sk\/index.php\/2024\/07\/05\/prazdninovy-dennik-z-kniznice-august-2\/\" aria-label=\"Pre\u010d\u00edtajte si viac o Pr\u00e1zdninov\u00fd denn\u00edk z kni\u017enice \u2013 august\">\u010c\u00edta\u0165 viac<\/a><\/p>\n","protected":false},"author":1,"featured_media":0,"comment_status":"open","ping_status":"open","sticky":false,"template":"","format":"image","meta":{"footnotes":""},"categories":[30,12,73,17,68],"tags":[],"class_list":["post-13156","post","type-post","status-publish","format-image","hentry","category-detske-leto","category-podujatie","category-pre-deti","category-program","category-projekt","post_format-post-format-image"],"_links":{"self":[{"href":"https:\/\/www.krajskakniznicazilina.sk\/index.php\/wp-json\/wp\/v2\/posts\/13156","targetHints":{"allow":["GET"]}}],"collection":[{"href":"https:\/\/www.krajskakniznicazilina.sk\/index.php\/wp-json\/wp\/v2\/posts"}],"about":[{"href":"https:\/\/www.krajskakniznicazilina.sk\/index.php\/wp-json\/wp\/v2\/types\/post"}],"author":[{"embeddable":true,"href":"https:\/\/www.krajskakniznicazilina.sk\/index.php\/wp-json\/wp\/v2\/users\/1"}],"replies":[{"embeddable":true,"href":"https:\/\/www.krajskakniznicazilina.sk\/index.php\/wp-json\/wp\/v2\/comments?post=13156"}],"version-history":[{"count":3,"href":"https:\/\/www.krajskakniznicazilina.sk\/index.php\/wp-json\/wp\/v2\/posts\/13156\/revisions"}],"predecessor-version":[{"id":13184,"href":"https:\/\/www.krajskakniznicazilina.sk\/index.php\/wp-json\/wp\/v2\/posts\/13156\/revisions\/13184"}],"wp:attachment":[{"href":"https:\/\/www.krajskakniznicazilina.sk\/index.php\/wp-json\/wp\/v2\/media?parent=13156"}],"wp:term":[{"taxonomy":"category","embeddable":true,"href":"https:\/\/www.krajskakniznicazilina.sk\/index.php\/wp-json\/wp\/v2\/categories?post=13156"},{"taxonomy":"post_tag","embeddable":true,"href":"https:\/\/www.krajskakniznicazilina.sk\/index.php\/wp-json\/wp\/v2\/tags?post=13156"}],"curies":[{"name":"wp","href":"https:\/\/api.w.org\/{rel}","templated":true}]}}