{"id":13166,"date":"2024-06-20T12:04:55","date_gmt":"2024-06-20T10:04:55","guid":{"rendered":"https:\/\/www.krajskakniznicazilina.sk\/?p=13166"},"modified":"2024-06-20T12:04:55","modified_gmt":"2024-06-20T10:04:55","slug":"strategie-zvladania-informacnych-hrozieb","status":"publish","type":"post","link":"https:\/\/www.krajskakniznicazilina.sk\/index.php\/2024\/06\/20\/strategie-zvladania-informacnych-hrozieb\/","title":{"rendered":"Strat\u00e9gie zvl\u00e1dania informa\u010dn\u00fdch hrozieb"},"content":{"rendered":"<p style=\"text-align: justify;\"><a href=\"https:\/\/www.krajskakniznicazilina.sk\/clanky\/2024\/06\/Stratzvl.png\"><img decoding=\"async\" class=\"alignleft size-full\" src=\"https:\/\/www.krajskakniznicazilina.sk\/clanky\/2024\/06\/Stratzvl.png\" alt=\"pozv\u00e1nka\" width=\"30%\" height=\"30%\" \/><\/a>Viete, ak\u00e9 s\u00fa strat\u00e9gie a\u00a0postupy zvl\u00e1dania a\u00a0rozli\u0161ovania informa\u010dn\u00fdch hrozieb? Ako pracova\u0165 pri pr\u00e1ci s\u00a0ml\u00e1de\u017eou a\u00a0aj rozv\u00edja\u0165 Va\u0161e zru\u010dnosti? Srde\u010dne V\u00e1s poz\u00fdvame na semin\u00e1r, ktor\u00fd bude zameran\u00fd na predstavenie projektu a materi\u00e1lov, ktor\u00e9 maj\u00fa pom\u00f4c\u0165 pedag\u00f3gom a pracovn\u00edkom s ml\u00e1de\u017eou vysporiada\u0165 sa s \u00falohou nau\u010di\u0165 mlad\u00fdch \u013eud\u00ed \u010deli\u0165 r\u00f4znymi form\u00e1m informa\u010dn\u00fdch hrozieb ako s\u00fa fake news, dezinform\u00e1cie, misinform\u00e1cie \u010di malinform\u00e1cie. Ve\u013ekou \u010das\u0165ou vytvoren\u00fdch materi\u00e1lov s\u00fa aj aktivity, ktor\u00e9 pracovn\u00edci s ml\u00e1de\u017eou bud\u00fa m\u00f4c\u0165 pou\u017ei\u0165 po\u010das medi\u00e1lnej v\u00fdchovy, \u010di in\u00fdch predmetov ako pracovn\u00fd n\u00e1stroj na preh\u013abenie kritick\u00e9ho myslenia i \u010fal\u0161\u00edch zru\u010dnost\u00ed mlad\u00fdch \u013eud\u00ed v dobe informa\u010dn\u00e9ho chaosu.<\/p>\n<p>Semin\u00e1r sa uskuto\u010dn\u00ed <strong>v\u00a0utorok 25. j\u00fana o\u00a014:00<\/strong> v\u00a0Krajskej kni\u017enici v\u00a0\u017diline a bude ur\u010den\u00fd <strong>pedag\u00f3gom, \u0161kolite\u013eom a odborn\u00edkom, ktor\u00ed pracuj\u00fa s mlad\u00fdmi \u013eu\u010fmi<\/strong> (od 12 rokov), napr. poradcovia a konzultanti pre ml\u00e1de\u017e, soci\u00e1lni pracovn\u00edci, pracovn\u00edci s ml\u00e1de\u017eou, pracovn\u00edci v kult\u00fare, ale aj \u0161portov\u00ed tr\u00e9neri.<\/p>\n","protected":false},"excerpt":{"rendered":"<p>Viete, ak\u00e9 s\u00fa strat\u00e9gie a\u00a0postupy zvl\u00e1dania a\u00a0rozli\u0161ovania informa\u010dn\u00fdch hrozieb? Ako pracova\u0165 pri pr\u00e1ci s\u00a0ml\u00e1de\u017eou a\u00a0aj rozv\u00edja\u0165 Va\u0161e zru\u010dnosti? Srde\u010dne V\u00e1s poz\u00fdvame na semin\u00e1r, ktor\u00fd bude zameran\u00fd na predstavenie projektu a materi\u00e1lov, ktor\u00e9 maj\u00fa pom\u00f4c\u0165 pedag\u00f3gom a pracovn\u00edkom s ml\u00e1de\u017eou vysporiada\u0165 sa s \u00falohou nau\u010di\u0165 mlad\u00fdch \u013eud\u00ed \u010deli\u0165 r\u00f4znymi form\u00e1m informa\u010dn\u00fdch hrozieb ako s\u00fa fake news, &#8230; <a title=\"Strat\u00e9gie zvl\u00e1dania informa\u010dn\u00fdch hrozieb\" class=\"read-more\" href=\"https:\/\/www.krajskakniznicazilina.sk\/index.php\/2024\/06\/20\/strategie-zvladania-informacnych-hrozieb\/\" aria-label=\"Pre\u010d\u00edtajte si viac o Strat\u00e9gie zvl\u00e1dania informa\u010dn\u00fdch hrozieb\">\u010c\u00edta\u0165 viac<\/a><\/p>\n","protected":false},"author":1,"featured_media":0,"comment_status":"open","ping_status":"open","sticky":false,"template":"","format":"image","meta":{"footnotes":""},"categories":[1],"tags":[],"class_list":["post-13166","post","type-post","status-publish","format-image","hentry","category-oznam","post_format-post-format-image"],"_links":{"self":[{"href":"https:\/\/www.krajskakniznicazilina.sk\/index.php\/wp-json\/wp\/v2\/posts\/13166","targetHints":{"allow":["GET"]}}],"collection":[{"href":"https:\/\/www.krajskakniznicazilina.sk\/index.php\/wp-json\/wp\/v2\/posts"}],"about":[{"href":"https:\/\/www.krajskakniznicazilina.sk\/index.php\/wp-json\/wp\/v2\/types\/post"}],"author":[{"embeddable":true,"href":"https:\/\/www.krajskakniznicazilina.sk\/index.php\/wp-json\/wp\/v2\/users\/1"}],"replies":[{"embeddable":true,"href":"https:\/\/www.krajskakniznicazilina.sk\/index.php\/wp-json\/wp\/v2\/comments?post=13166"}],"version-history":[{"count":1,"href":"https:\/\/www.krajskakniznicazilina.sk\/index.php\/wp-json\/wp\/v2\/posts\/13166\/revisions"}],"predecessor-version":[{"id":13167,"href":"https:\/\/www.krajskakniznicazilina.sk\/index.php\/wp-json\/wp\/v2\/posts\/13166\/revisions\/13167"}],"wp:attachment":[{"href":"https:\/\/www.krajskakniznicazilina.sk\/index.php\/wp-json\/wp\/v2\/media?parent=13166"}],"wp:term":[{"taxonomy":"category","embeddable":true,"href":"https:\/\/www.krajskakniznicazilina.sk\/index.php\/wp-json\/wp\/v2\/categories?post=13166"},{"taxonomy":"post_tag","embeddable":true,"href":"https:\/\/www.krajskakniznicazilina.sk\/index.php\/wp-json\/wp\/v2\/tags?post=13166"}],"curies":[{"name":"wp","href":"https:\/\/api.w.org\/{rel}","templated":true}]}}