{"id":13673,"date":"2024-09-15T07:02:19","date_gmt":"2024-09-15T05:02:19","guid":{"rendered":"https:\/\/www.krajskakniznicazilina.sk\/?p=13673"},"modified":"2025-05-26T08:19:22","modified_gmt":"2025-05-26T06:19:22","slug":"burza-knih-2","status":"publish","type":"post","link":"https:\/\/www.krajskakniznicazilina.sk\/index.php\/2024\/09\/15\/burza-knih-2\/","title":{"rendered":"Burza kn\u00edh"},"content":{"rendered":"<p style=\"text-align: justify;\"><a href=\"https:\/\/www.krajskakniznicazilina.sk\/clanky\/2022\/02\/burza%20kn%C3%ADh.jpg\"><img decoding=\"async\" class=\"size-full alignright\" src=\"https:\/\/www.krajskakniznicazilina.sk\/clanky\/2022\/02\/burza%20kn%C3%ADh.jpg\" alt=\"plag\u00e1t\" width=\"40%\" height=\"40%\" \/><\/a>M\u00e1te doma ve\u013ea kn\u00edh a neviete \u010do s nimi? Patr\u00edte medzi t\u00fdch, ktor\u00ed vybran\u00e9 knihy u\u017e dlh\u0161ie zh\u00e1\u0148aj\u00fa? Burza kn\u00edh v kni\u017enici v\u00e1\u0161 probl\u00e9m vyrie\u0161i. Sta\u010d\u00ed, ak pr\u00eddete so svojimi knihami a m\u00f4\u017eete ich pon\u00faknu\u0165 na predaj in\u00fdm knihomo\u013eom, ktor\u00ed kni\u017enicu nav\u0161t\u00edvia. Cenu za svoje knihy si ur\u010d\u00edte vy, my v\u00e1m pon\u00fakame pr\u00edle\u017eitos\u0165 a priestor. V r\u00e1mci Burzy kn\u00edh bud\u00fa na predaj aj vyraden\u00e9 kni\u017en\u00e9 tituly z na\u0161ej kni\u017enice.<\/p>\n","protected":false},"excerpt":{"rendered":"<p>M\u00e1te doma ve\u013ea kn\u00edh a neviete \u010do s nimi? Patr\u00edte medzi t\u00fdch, ktor\u00ed vybran\u00e9 knihy u\u017e dlh\u0161ie zh\u00e1\u0148aj\u00fa? Burza kn\u00edh v kni\u017enici v\u00e1\u0161 probl\u00e9m vyrie\u0161i. Sta\u010d\u00ed, ak pr\u00eddete so svojimi knihami a m\u00f4\u017eete ich pon\u00faknu\u0165 na predaj in\u00fdm knihomo\u013eom, ktor\u00ed kni\u017enicu nav\u0161t\u00edvia. Cenu za svoje knihy si ur\u010d\u00edte vy, my v\u00e1m pon\u00fakame pr\u00edle\u017eitos\u0165 a priestor. &#8230; <a title=\"Burza kn\u00edh\" class=\"read-more\" href=\"https:\/\/www.krajskakniznicazilina.sk\/index.php\/2024\/09\/15\/burza-knih-2\/\" aria-label=\"Pre\u010d\u00edtajte si viac o Burza kn\u00edh\">\u010c\u00edta\u0165 viac<\/a><\/p>\n","protected":false},"author":1,"featured_media":0,"comment_status":"open","ping_status":"open","sticky":false,"template":"","format":"image","meta":{"footnotes":""},"categories":[48],"tags":[],"class_list":["post-13673","post","type-post","status-publish","format-image","hentry","category-burza-knih","post_format-post-format-image"],"_links":{"self":[{"href":"https:\/\/www.krajskakniznicazilina.sk\/index.php\/wp-json\/wp\/v2\/posts\/13673","targetHints":{"allow":["GET"]}}],"collection":[{"href":"https:\/\/www.krajskakniznicazilina.sk\/index.php\/wp-json\/wp\/v2\/posts"}],"about":[{"href":"https:\/\/www.krajskakniznicazilina.sk\/index.php\/wp-json\/wp\/v2\/types\/post"}],"author":[{"embeddable":true,"href":"https:\/\/www.krajskakniznicazilina.sk\/index.php\/wp-json\/wp\/v2\/users\/1"}],"replies":[{"embeddable":true,"href":"https:\/\/www.krajskakniznicazilina.sk\/index.php\/wp-json\/wp\/v2\/comments?post=13673"}],"version-history":[{"count":9,"href":"https:\/\/www.krajskakniznicazilina.sk\/index.php\/wp-json\/wp\/v2\/posts\/13673\/revisions"}],"predecessor-version":[{"id":15184,"href":"https:\/\/www.krajskakniznicazilina.sk\/index.php\/wp-json\/wp\/v2\/posts\/13673\/revisions\/15184"}],"wp:attachment":[{"href":"https:\/\/www.krajskakniznicazilina.sk\/index.php\/wp-json\/wp\/v2\/media?parent=13673"}],"wp:term":[{"taxonomy":"category","embeddable":true,"href":"https:\/\/www.krajskakniznicazilina.sk\/index.php\/wp-json\/wp\/v2\/categories?post=13673"},{"taxonomy":"post_tag","embeddable":true,"href":"https:\/\/www.krajskakniznicazilina.sk\/index.php\/wp-json\/wp\/v2\/tags?post=13673"}],"curies":[{"name":"wp","href":"https:\/\/api.w.org\/{rel}","templated":true}]}}