{"id":1397,"date":"2018-04-09T17:32:39","date_gmt":"2018-04-09T15:32:39","guid":{"rendered":"http:\/\/www2.krajskakniznicazilina.sk\/?p=1397"},"modified":"2018-10-05T15:57:05","modified_gmt":"2018-10-05T13:57:05","slug":"vitajte-na-novej-stranke-krajskej-kniznice-v-ziline","status":"publish","type":"post","link":"https:\/\/www.krajskakniznicazilina.sk\/index.php\/2018\/04\/09\/vitajte-na-novej-stranke-krajskej-kniznice-v-ziline\/","title":{"rendered":"Nov\u00e1 str\u00e1nka Krajskej kni\u017enice v \u017diline"},"content":{"rendered":"<p style=\"text-align: justify;\"><img decoding=\"async\" class=\"alignright size-medium\" src=\"http:\/\/www.krajskakniznicazilina.sk\/clanky\/2018\/04\/logo.png\" width=\"30%\" height=\"30%\" \/>Z prieskumu spokojnosti \u010ditate\u013eov vyplynula po\u017eiadavka na nov\u00fa a preh\u013eadnej\u0161iu internetov\u00fa str\u00e1nku. T\u00e1to str\u00e1nka sa za\u010dala rodi\u0165 u\u017e o nie\u010do sk\u00f4r a sme hrd\u00ed, \u017ee je kone\u010dne spusten\u00e1.<\/p>\n<p style=\"text-align: justify;\">Spolu s nov\u00fdm dizajnom str\u00e1nky prich\u00e1dzame aj s \u00faplne nov\u00fdm logom pre na\u0161u kni\u017enicu, ktor\u00e9 vzniklo na z\u00e1klade spolupr\u00e1ce so S\u00fakromnou strednou umeleckou \u0161kolou v \u017diline.\u00a0 \u0160tudenti dostali po\u017eiadavku na vytvorenie n\u00e1vrhov loga pre kni\u017enicu. Na z\u00e1klade diskusie s odborn\u00edkmi z oblasti bolo vybran\u00e9 v\u00ed\u0165azn\u00e9 logo. Autorom nov\u00e9ho loga kni\u017enice je \u0161tudent posledn\u00e9ho ro\u010dn\u00edka R\u00f3bert P\u00fa\u010dek, ktor\u00fd je mladou n\u00e1dejou slovensk\u00e9ho modern\u00e9ho grafick\u00e9ho dizajnu.<\/p>\n","protected":false},"excerpt":{"rendered":"<p>Z prieskumu spokojnosti \u010ditate\u013eov vyplynula po\u017eiadavka na nov\u00fa a preh\u013eadnej\u0161iu internetov\u00fa str\u00e1nku. T\u00e1to str\u00e1nka sa za\u010dala rodi\u0165 u\u017e o nie\u010do sk\u00f4r a sme hrd\u00ed, \u017ee je kone\u010dne spusten\u00e1. Spolu s nov\u00fdm dizajnom str\u00e1nky prich\u00e1dzame aj s \u00faplne nov\u00fdm logom pre na\u0161u kni\u017enicu, ktor\u00e9 vzniklo na z\u00e1klade spolupr\u00e1ce so S\u00fakromnou strednou umeleckou \u0161kolou v \u017diline.\u00a0 \u0160tudenti &#8230; <a title=\"Nov\u00e1 str\u00e1nka Krajskej kni\u017enice v \u017diline\" class=\"read-more\" href=\"https:\/\/www.krajskakniznicazilina.sk\/index.php\/2018\/04\/09\/vitajte-na-novej-stranke-krajskej-kniznice-v-ziline\/\" aria-label=\"Pre\u010d\u00edtajte si viac o Nov\u00e1 str\u00e1nka Krajskej kni\u017enice v \u017diline\">\u010c\u00edta\u0165 viac<\/a><\/p>\n","protected":false},"author":1,"featured_media":0,"comment_status":"open","ping_status":"open","sticky":false,"template":"","format":"image","meta":{"footnotes":""},"categories":[1],"tags":[],"class_list":["post-1397","post","type-post","status-publish","format-image","hentry","category-oznam","post_format-post-format-image"],"_links":{"self":[{"href":"https:\/\/www.krajskakniznicazilina.sk\/index.php\/wp-json\/wp\/v2\/posts\/1397","targetHints":{"allow":["GET"]}}],"collection":[{"href":"https:\/\/www.krajskakniznicazilina.sk\/index.php\/wp-json\/wp\/v2\/posts"}],"about":[{"href":"https:\/\/www.krajskakniznicazilina.sk\/index.php\/wp-json\/wp\/v2\/types\/post"}],"author":[{"embeddable":true,"href":"https:\/\/www.krajskakniznicazilina.sk\/index.php\/wp-json\/wp\/v2\/users\/1"}],"replies":[{"embeddable":true,"href":"https:\/\/www.krajskakniznicazilina.sk\/index.php\/wp-json\/wp\/v2\/comments?post=1397"}],"version-history":[{"count":8,"href":"https:\/\/www.krajskakniznicazilina.sk\/index.php\/wp-json\/wp\/v2\/posts\/1397\/revisions"}],"predecessor-version":[{"id":2366,"href":"https:\/\/www.krajskakniznicazilina.sk\/index.php\/wp-json\/wp\/v2\/posts\/1397\/revisions\/2366"}],"wp:attachment":[{"href":"https:\/\/www.krajskakniznicazilina.sk\/index.php\/wp-json\/wp\/v2\/media?parent=1397"}],"wp:term":[{"taxonomy":"category","embeddable":true,"href":"https:\/\/www.krajskakniznicazilina.sk\/index.php\/wp-json\/wp\/v2\/categories?post=1397"},{"taxonomy":"post_tag","embeddable":true,"href":"https:\/\/www.krajskakniznicazilina.sk\/index.php\/wp-json\/wp\/v2\/tags?post=1397"}],"curies":[{"name":"wp","href":"https:\/\/api.w.org\/{rel}","templated":true}]}}