{"id":13970,"date":"2024-10-29T07:06:51","date_gmt":"2024-10-29T06:06:51","guid":{"rendered":"https:\/\/www.krajskakniznicazilina.sk\/?p=13970"},"modified":"2025-01-20T12:00:37","modified_gmt":"2025-01-20T11:00:37","slug":"osmijankova-literarna-zahrada-2","status":"publish","type":"post","link":"https:\/\/www.krajskakniznicazilina.sk\/index.php\/2024\/10\/29\/osmijankova-literarna-zahrada-2\/","title":{"rendered":"Osmijankova liter\u00e1rna z\u00e1hrada"},"content":{"rendered":"<p style=\"text-align: justify;\"><a href=\"https:\/\/www.krajskakniznicazilina.sk\/clanky\/2024\/11\/osmijanko%20v.jpg\"><img decoding=\"async\" class=\"size-full alignleft\" src=\"https:\/\/www.krajskakniznicazilina.sk\/clanky\/2024\/11\/osmijanko%20v.jpg\" alt=\"plag\u00e1t\" width=\"35%\" height=\"35%\" \/><\/a>Putovn\u00e1 v\u00fdstava op\u00e4\u0165 po roku prich\u00e1dza do Krajskej kni\u017enice v\u00a0\u017diline. Osmijankova liter\u00e1rna z\u00e1hrada je kreat\u00edvnou \u010dit\u00e1r\u0148ou, v ktorej n\u00e1v\u0161tevn\u00edci \u201esadia\u201c semienka svojho \u010ditate\u013estva. Osmijanko z liter\u00e1rnej z\u00e1hrady prich\u00e1dza medzi deti priamo z rozpr\u00e1vok, aby im prostredn\u00edctvom v\u00fdstavy pon\u00fakol kopec z\u00e1bavy a rozpr\u00e1vkov\u00fdch pr\u00edbehov v r\u00f4znych form\u00e1ch.\u00a0Postava Osmijanka svojimi b\u00e1sni\u010dkami, h\u00e1dankami, poves\u0165ami \u010di b\u00e1jkami in\u0161piruje k \u010d\u00edtaniu a rozv\u00edjaniu kreativity \u010di chuti tvori\u0165. Cel\u00e1 expoz\u00edcia je prisp\u00f4soben\u00e1 veku die\u0165a\u0165a. Prostredn\u00edctvom interakt\u00edvnych objektov, ktor\u00e9 navrhla slovensk\u00e1 sc\u00e9nografka Na\u010fa Salbotov\u00e1, sa mal\u00ed aj ve\u013ek\u00ed \u010ditatelia hrav\u00fdm, z\u00e1\u017eitkov\u00fdm sp\u00f4sobom zoznamuj\u00fa s jednotliv\u00fdmi liter\u00e1rnymi \u017e\u00e1nrami, kni\u017en\u00fdmi dielami zo slovensk\u00fdch vydavate\u013estiev. V\u00fdstavu poskytla neziskov\u00e1 organiz\u00e1cia Osmijanko.<\/p>\n<p style=\"text-align: justify;\">Z\u00e1hradu otvor\u00edme d\u0148a 6.11.2024 o 10:00 a bude pre deti otvoren\u00e1 a\u017e do konca febru\u00e1ra 2025. Na podujatie v Osmijankovej liter\u00e1rnej z\u00e1hrade sa m\u00f4\u017eete prihl\u00e1si\u0165 na e-maili: <a href=\"mailto:neslusanova@krajskakniznicazilina.sk\">neslusanova@krajskakniznicazilina.sk<\/a><\/p>\n<p style=\"text-align: justify;\"><strong><em>Projekt z\u00a0verejn\u00fdch zdrojov podporil Fond na podporu umenia v\u00a0r\u00e1mci programu Umenie pre \u0161koly 2024.\u00a0 <\/em><\/strong><\/p>\n","protected":false},"excerpt":{"rendered":"<p>Putovn\u00e1 v\u00fdstava op\u00e4\u0165 po roku prich\u00e1dza do Krajskej kni\u017enice v\u00a0\u017diline. Osmijankova liter\u00e1rna z\u00e1hrada je kreat\u00edvnou \u010dit\u00e1r\u0148ou, v ktorej n\u00e1v\u0161tevn\u00edci \u201esadia\u201c semienka svojho \u010ditate\u013estva. Osmijanko z liter\u00e1rnej z\u00e1hrady prich\u00e1dza medzi deti priamo z rozpr\u00e1vok, aby im prostredn\u00edctvom v\u00fdstavy pon\u00fakol kopec z\u00e1bavy a rozpr\u00e1vkov\u00fdch pr\u00edbehov v r\u00f4znych form\u00e1ch.\u00a0Postava Osmijanka svojimi b\u00e1sni\u010dkami, h\u00e1dankami, poves\u0165ami \u010di b\u00e1jkami in\u0161piruje k &#8230; <a title=\"Osmijankova liter\u00e1rna z\u00e1hrada\" class=\"read-more\" href=\"https:\/\/www.krajskakniznicazilina.sk\/index.php\/2024\/10\/29\/osmijankova-literarna-zahrada-2\/\" aria-label=\"Pre\u010d\u00edtajte si viac o Osmijankova liter\u00e1rna z\u00e1hrada\">\u010c\u00edta\u0165 viac<\/a><\/p>\n","protected":false},"author":1,"featured_media":0,"comment_status":"open","ping_status":"open","sticky":false,"template":"","format":"image","meta":{"footnotes":""},"categories":[15],"tags":[],"class_list":["post-13970","post","type-post","status-publish","format-image","hentry","category-vystava","post_format-post-format-image"],"_links":{"self":[{"href":"https:\/\/www.krajskakniznicazilina.sk\/index.php\/wp-json\/wp\/v2\/posts\/13970","targetHints":{"allow":["GET"]}}],"collection":[{"href":"https:\/\/www.krajskakniznicazilina.sk\/index.php\/wp-json\/wp\/v2\/posts"}],"about":[{"href":"https:\/\/www.krajskakniznicazilina.sk\/index.php\/wp-json\/wp\/v2\/types\/post"}],"author":[{"embeddable":true,"href":"https:\/\/www.krajskakniznicazilina.sk\/index.php\/wp-json\/wp\/v2\/users\/1"}],"replies":[{"embeddable":true,"href":"https:\/\/www.krajskakniznicazilina.sk\/index.php\/wp-json\/wp\/v2\/comments?post=13970"}],"version-history":[{"count":4,"href":"https:\/\/www.krajskakniznicazilina.sk\/index.php\/wp-json\/wp\/v2\/posts\/13970\/revisions"}],"predecessor-version":[{"id":14355,"href":"https:\/\/www.krajskakniznicazilina.sk\/index.php\/wp-json\/wp\/v2\/posts\/13970\/revisions\/14355"}],"wp:attachment":[{"href":"https:\/\/www.krajskakniznicazilina.sk\/index.php\/wp-json\/wp\/v2\/media?parent=13970"}],"wp:term":[{"taxonomy":"category","embeddable":true,"href":"https:\/\/www.krajskakniznicazilina.sk\/index.php\/wp-json\/wp\/v2\/categories?post=13970"},{"taxonomy":"post_tag","embeddable":true,"href":"https:\/\/www.krajskakniznicazilina.sk\/index.php\/wp-json\/wp\/v2\/tags?post=13970"}],"curies":[{"name":"wp","href":"https:\/\/api.w.org\/{rel}","templated":true}]}}