{"id":13975,"date":"2024-10-29T09:12:59","date_gmt":"2024-10-29T08:12:59","guid":{"rendered":"https:\/\/www.krajskakniznicazilina.sk\/?p=13975"},"modified":"2024-10-29T09:53:35","modified_gmt":"2024-10-29T08:53:35","slug":"sucasna-povestova-tvorba-v-slovenskej-literature-propagacno-vzdelavacie-podujatie-pre-skoly","status":"publish","type":"post","link":"https:\/\/www.krajskakniznicazilina.sk\/index.php\/2024\/10\/29\/sucasna-povestova-tvorba-v-slovenskej-literature-propagacno-vzdelavacie-podujatie-pre-skoly\/","title":{"rendered":"S\u00fa\u010dasn\u00e1 poves\u0165ov\u00e1 tvorba v slovenskej literat\u00fare (propaga\u010dno-vzdel\u00e1vacie podujatie pre \u0161koly)"},"content":{"rendered":"<p style=\"text-align: justify;\"><a href=\"https:\/\/www.krajskakniznicazilina.sk\/clanky\/2024\/11\/poves%C5%A5%20tvorba%20november.jpg\"><img decoding=\"async\" class=\"size-full alignright\" src=\"https:\/\/www.krajskakniznicazilina.sk\/clanky\/2024\/11\/poves%C5%A5%20tvorba%20november.jpg\" alt=\"plag\u00e1t\" width=\"40%\" height=\"40%\" \/><\/a>Krajsk\u00e1 kni\u017enica \u017dilina v r\u00e1mci projektu <strong>Na vln\u00e1ch literat\u00fary v\u00a0kni\u017enici,<\/strong> ktor\u00fd z verejn\u00fdch zdrojov podporil Fond na podporu umenia srde\u010dne poz\u00fdva <strong>\u017eiakov 2. stup\u0148a z\u00e1kladn\u00fdch \u0161k\u00f4l <\/strong>na propaga\u010dno-vzdel\u00e1vacie podujatie <strong>o S\u00fa\u010dasnej poves\u0165ovej tvorbe v slovenskej literat\u00fare so Zuzanou Kuglerovou<\/strong> vo \u0161tvrtok <strong>7. novembra o 9:00 a\u00a011:00 hod.<\/strong> \u00a0Toto podujatie opakujeme pre ve\u013ek\u00fd z\u00e1ujem \u0161k\u00f4l. \u00a0Svoj <strong>z\u00e1ujem<\/strong> pros\u00edm <strong>nahl\u00e1ste<\/strong> <strong>na<\/strong> e-mail: <strong><a href=\"mailto:neslusanova@krajskakniznicazilina.sk\">neslusanova@krajskakniznicazilina.sk<\/a> <\/strong>alebo telefonicky: 0908\/946 421.<\/p>\n<p style=\"text-align: justify;\">Povesti vznikaj\u00fa ako reflexia na udalosti, via\u017euce sa ku konkr\u00e9tnemu miestu, s\u00fa historick\u00fdm odkazom na spolo\u010densk\u00e9 dianie v konkr\u00e9tnom \u010dase. Zachyt\u00e1vaj\u00fa ho v presne \u0161pecifikovanej spolo\u010denskej, politickej a ekonomickej kl\u00edme o\u010dami jednoduch\u00e9ho \u010dloveka, rozpr\u00e1va\u010da, ktor\u00fd je bu\u010f interpretom &#8222;po\u010dut\u00e9ho&#8220;, alebo priamym \u00fa\u010dastn\u00edkom udalosti, o ktorej rozpr\u00e1va. Je to vidite\u013en\u00e9 najm\u00e4 na konkretiz\u00e1cii miesta a \u010dasu. Vkladom rozpr\u00e1va\u010da b\u00fdvaj\u00fa \u010dasto kr\u00e1t fantazijn\u00e9 prvky, ktor\u00e9 v\u0161ak nie s\u00fa podmienkou povesti, sk\u00f4r jej ozvl\u00e1\u0161tnen\u00edm.<!--more--><\/p>\n<p style=\"text-align: justify;\">\u013dudov\u00e1 poves\u0165 je v s\u00fa\u010dasnosti sk\u00f4r v \u00fatlme, preto\u017ee na liter\u00e1rnu sc\u00e9nu vst\u00fapilo mnoho autorov s vlastn\u00fdm autorsk\u00fdm vn\u00edman\u00edm historick\u00fdch udalost\u00ed &#8211; s\u00fa\u010dasn\u00fdch autorov, ktor\u00ed \u017e\u00e1ner povesti dost\u00e1vaj\u00fa do inej roviny &#8211; Zuzana Kuglerov\u00e1, prv\u00e1 d\u00e1ma slovensk\u00fdch povest\u00ed.<\/p>\n<p style=\"text-align: justify;\"><strong>Zuzana Kuglerov\u00e1<\/strong> &#8211; slovensk\u00e1 spisovate\u013eka a novin\u00e1rka. Zalo\u017eila a vyd\u00e1vala detsk\u00fd \u010dasopis D\u00faha. V s\u00fa\u010dasnosti je spoluzakladate\u013ekou Zdru\u017eenia internetov\u00fdch autorov Pars Artem a vydavate\u013ekou internetov\u00e9ho e-magaz\u00ednu o literat\u00fare. V roku 2017 jej Fond na podporu umenia udelil \u0161tat\u00fat profesion\u00e1lnej spisovate\u013eky za jej celo\u017eivotn\u00fa pr\u00e1cu v oblasti literat\u00fary. Zuzana Kuglerov\u00e1 sa zo za\u010diatku venovala p\u00edsaniu po\u00e9zie, ktor\u00fa publikovala v \u010dasopisoch a zborn\u00edkoch Nov\u00e9 slovo, Nede\u013en\u00e1 Pravda, Smena. Nesk\u00f4r po liter\u00e1rnej odmlke za\u010dala p\u00edsa\u0165 pr\u00f3zu.\u00a0 Za jej z\u00e1ujem o dediny Slovenska, ktor\u00fd pretavila do viacer\u00fdch svojich historick\u00fdch rom\u00e1nov a povest\u00ed, pr\u00e1vom patr\u00ed ozna\u010denie Prv\u00e1 d\u00e1ma slovensk\u00fdch povest\u00ed. Jej tvorba bola prelo\u017een\u00e1 do viacer\u00fdch svetov\u00fdch jazykov.<\/p>\n","protected":false},"excerpt":{"rendered":"<p>Krajsk\u00e1 kni\u017enica \u017dilina v r\u00e1mci projektu Na vln\u00e1ch literat\u00fary v\u00a0kni\u017enici, ktor\u00fd z verejn\u00fdch zdrojov podporil Fond na podporu umenia srde\u010dne poz\u00fdva \u017eiakov 2. stup\u0148a z\u00e1kladn\u00fdch \u0161k\u00f4l na propaga\u010dno-vzdel\u00e1vacie podujatie o S\u00fa\u010dasnej poves\u0165ovej tvorbe v slovenskej literat\u00fare so Zuzanou Kuglerovou vo \u0161tvrtok 7. novembra o 9:00 a\u00a011:00 hod. \u00a0Toto podujatie opakujeme pre ve\u013ek\u00fd z\u00e1ujem \u0161k\u00f4l. \u00a0Svoj &#8230; <a title=\"S\u00fa\u010dasn\u00e1 poves\u0165ov\u00e1 tvorba v slovenskej literat\u00fare (propaga\u010dno-vzdel\u00e1vacie podujatie pre \u0161koly)\" class=\"read-more\" href=\"https:\/\/www.krajskakniznicazilina.sk\/index.php\/2024\/10\/29\/sucasna-povestova-tvorba-v-slovenskej-literature-propagacno-vzdelavacie-podujatie-pre-skoly\/\" aria-label=\"Pre\u010d\u00edtajte si viac o S\u00fa\u010dasn\u00e1 poves\u0165ov\u00e1 tvorba v slovenskej literat\u00fare (propaga\u010dno-vzdel\u00e1vacie podujatie pre \u0161koly)\">\u010c\u00edta\u0165 viac<\/a><\/p>\n","protected":false},"author":1,"featured_media":0,"comment_status":"open","ping_status":"open","sticky":false,"template":"","format":"image","meta":{"footnotes":""},"categories":[12,68],"tags":[],"class_list":["post-13975","post","type-post","status-publish","format-image","hentry","category-podujatie","category-projekt","post_format-post-format-image"],"_links":{"self":[{"href":"https:\/\/www.krajskakniznicazilina.sk\/index.php\/wp-json\/wp\/v2\/posts\/13975","targetHints":{"allow":["GET"]}}],"collection":[{"href":"https:\/\/www.krajskakniznicazilina.sk\/index.php\/wp-json\/wp\/v2\/posts"}],"about":[{"href":"https:\/\/www.krajskakniznicazilina.sk\/index.php\/wp-json\/wp\/v2\/types\/post"}],"author":[{"embeddable":true,"href":"https:\/\/www.krajskakniznicazilina.sk\/index.php\/wp-json\/wp\/v2\/users\/1"}],"replies":[{"embeddable":true,"href":"https:\/\/www.krajskakniznicazilina.sk\/index.php\/wp-json\/wp\/v2\/comments?post=13975"}],"version-history":[{"count":3,"href":"https:\/\/www.krajskakniznicazilina.sk\/index.php\/wp-json\/wp\/v2\/posts\/13975\/revisions"}],"predecessor-version":[{"id":13980,"href":"https:\/\/www.krajskakniznicazilina.sk\/index.php\/wp-json\/wp\/v2\/posts\/13975\/revisions\/13980"}],"wp:attachment":[{"href":"https:\/\/www.krajskakniznicazilina.sk\/index.php\/wp-json\/wp\/v2\/media?parent=13975"}],"wp:term":[{"taxonomy":"category","embeddable":true,"href":"https:\/\/www.krajskakniznicazilina.sk\/index.php\/wp-json\/wp\/v2\/categories?post=13975"},{"taxonomy":"post_tag","embeddable":true,"href":"https:\/\/www.krajskakniznicazilina.sk\/index.php\/wp-json\/wp\/v2\/tags?post=13975"}],"curies":[{"name":"wp","href":"https:\/\/api.w.org\/{rel}","templated":true}]}}