{"id":13986,"date":"2024-11-15T07:03:58","date_gmt":"2024-11-15T06:03:58","guid":{"rendered":"https:\/\/www.krajskakniznicazilina.sk\/?p=13986"},"modified":"2024-11-19T06:57:10","modified_gmt":"2024-11-19T05:57:10","slug":"komiks-ako-umenie-podujatie-pre-skoly","status":"publish","type":"post","link":"https:\/\/www.krajskakniznicazilina.sk\/index.php\/2024\/11\/15\/komiks-ako-umenie-podujatie-pre-skoly\/","title":{"rendered":"Komiks ako umenie"},"content":{"rendered":"<p style=\"text-align: justify;\"><a href=\"https:\/\/www.krajskakniznicazilina.sk\/clanky\/2024\/12\/komiks%20ako%20umenie%20december.jpg\"><img decoding=\"async\" class=\"size-full alignright\" src=\"https:\/\/www.krajskakniznicazilina.sk\/clanky\/2024\/12\/komiks%20ako%20umenie%20december.jpg\" alt=\"plag\u00e1t\" width=\"35%\" height=\"35%\" \/><\/a>Komiks je ozna\u010denie pre sekven\u010dne usporiadan\u00fa postupnos\u0165 obr\u00e1zkov alebo podobn\u00fdch znakov (okrem animovan\u00e9ho filmu), ktor\u00e1 sprostredk\u00fava inform\u00e1cie (naj\u010dastej\u0161ie rozpr\u00e1va pr\u00edbeh alebo opisuje nejak\u00fd dej) a\/alebo na \u010ditate\u013ea esteticky p\u00f4sob\u00ed. Komiks sa dnes pova\u017euje za samostatn\u00e9 umenie \u010di \u017e\u00e1ner. Ide o spojenie literat\u00fary a v\u00fdtvarn\u00e9ho umenia. Workshop sa bude venova\u0165 s\u00fa\u010dasn\u00e9mu slovensk\u00e9mu komiksu s uk\u00e1\u017ekami diela.<\/p>\n<p style=\"text-align: justify;\"><strong>Term\u00edn:<\/strong>\u00a05.12.2024 o 9:00 a 11:00 a 6.12.2024 o 9:00<\/p>\n<p style=\"text-align: justify;\"><strong>Cie\u013eov\u00e1 skupina:\u00a0<\/strong>pre \u017eiakov 2. stup\u0148a Z\u0160, 1. stup\u0148a 8-ro\u010dn\u00fdch gymn\u00e1zi\u00ed<\/p>\n<p>\u00a0Svoj\u00a0<strong>z\u00e1ujem<\/strong>\u00a0pros\u00edm\u00a0<strong>nahl\u00e1ste<\/strong>\u00a0<strong>na<\/strong>\u00a0e-mail:\u00a0<strong><a href=\"mailto:neslusanova@krajskakniznicazilina.sk\">neslusanova@krajskakniznicazilina.sk<\/a><\/strong><\/p>\n<p style=\"text-align: justify;\"><strong><em>Lektorky: Sestry Ivana a\u00a0Zuzana Jan\u010dov\u00e9<\/em><\/strong><!--more--><\/p>\n<p style=\"text-align: justify;\">Ivana ve\u013emi rada p\u00ed\u0161e poviedky, pr\u00edbehy a najnov\u0161ie aj komiksy. Jej sestra Zuzana ve\u013emi rada kresl\u00ed. Obe sestry tak tvoria dokonal\u00fd t\u00edm na to, aby spolu vytv\u00e1rali komiksy, ktor\u00e9 tak miluj\u00fa. Vymysleli vlastn\u00fd komiksov\u00fd svet so slovensk\u00fdmi hrdinami, no ich pr\u00edbehy v sebe skr\u00fdvaj\u00fa ove\u013ea viac. V\u017edy sa venuj\u00fa nejakej d\u00f4le\u017eitej spolo\u010denskej t\u00e9me \u010di nes\u00fa odkaz mlad\u00fdm \u013eu\u010fom (ochrana \u017eivotn\u00e9ho prostredia, diskrimin\u00e1cia, demokracia). Komiks Peter: Sk\u00fa\u0161ka, Art\u00far \u2013 \u010cierny Peter je pr\u00edbeh, kedy u\u017e Peter ne\u0161tuduje, ale sna\u017e\u00ed sa n\u00e1js\u0165 si pr\u00e1cu. Komiks Eco&amp;Tank, ktor\u00fd sa venuje ekologick\u00fdm t\u00e9mam, po \u0148om nasledoval komiks Demo&amp;Diana. Ten vznikol ako podpora mlad\u00fdch vyjadri\u0165 si svoj n\u00e1zor pred vo\u013ebami. Najnov\u0161\u00edm komiksom je \u010ciernovlas\u00fd princ, ktor\u00fd je in\u00fd ne\u017e v\u0161etci ostatn\u00ed a t\u00fdm trp\u00ed. T\u00fato postavu \u010dak\u00e1 ve\u013emi zauj\u00edmav\u00fd osud a pochop\u00ed, \u017ee by\u0165 in\u00fd je norm\u00e1lne. Tla\u010d posledn\u00e9ho komiksu \u010ciernovlas\u00fd Peter podporilo Ministerstvo kult\u00fary SR. Komiksy s\u00fa pr\u00edstupn\u00e9 pre v\u0161etk\u00fdch v online verzii na na\u0161ej web str\u00e1nke sestryjancove.sk.<\/p>\n<p style=\"text-align: justify;\"><strong>Projekt Na vln\u00e1ch literat\u00fary v\u00a0kni\u017enici &#8211;\u00a0Z\u00a0verejn\u00fdch zdrojov podporil Fond na podporu umenia\u00a0 \u00a0<\/strong><\/p>\n","protected":false},"excerpt":{"rendered":"<p>Komiks je ozna\u010denie pre sekven\u010dne usporiadan\u00fa postupnos\u0165 obr\u00e1zkov alebo podobn\u00fdch znakov (okrem animovan\u00e9ho filmu), ktor\u00e1 sprostredk\u00fava inform\u00e1cie (naj\u010dastej\u0161ie rozpr\u00e1va pr\u00edbeh alebo opisuje nejak\u00fd dej) a\/alebo na \u010ditate\u013ea esteticky p\u00f4sob\u00ed. Komiks sa dnes pova\u017euje za samostatn\u00e9 umenie \u010di \u017e\u00e1ner. Ide o spojenie literat\u00fary a v\u00fdtvarn\u00e9ho umenia. Workshop sa bude venova\u0165 s\u00fa\u010dasn\u00e9mu slovensk\u00e9mu komiksu s uk\u00e1\u017ekami diela. &#8230; <a title=\"Komiks ako umenie\" class=\"read-more\" href=\"https:\/\/www.krajskakniznicazilina.sk\/index.php\/2024\/11\/15\/komiks-ako-umenie-podujatie-pre-skoly\/\" aria-label=\"Pre\u010d\u00edtajte si viac o Komiks ako umenie\">\u010c\u00edta\u0165 viac<\/a><\/p>\n","protected":false},"author":1,"featured_media":0,"comment_status":"open","ping_status":"open","sticky":false,"template":"","format":"image","meta":{"footnotes":""},"categories":[12,68],"tags":[],"class_list":["post-13986","post","type-post","status-publish","format-image","hentry","category-podujatie","category-projekt","post_format-post-format-image"],"_links":{"self":[{"href":"https:\/\/www.krajskakniznicazilina.sk\/index.php\/wp-json\/wp\/v2\/posts\/13986","targetHints":{"allow":["GET"]}}],"collection":[{"href":"https:\/\/www.krajskakniznicazilina.sk\/index.php\/wp-json\/wp\/v2\/posts"}],"about":[{"href":"https:\/\/www.krajskakniznicazilina.sk\/index.php\/wp-json\/wp\/v2\/types\/post"}],"author":[{"embeddable":true,"href":"https:\/\/www.krajskakniznicazilina.sk\/index.php\/wp-json\/wp\/v2\/users\/1"}],"replies":[{"embeddable":true,"href":"https:\/\/www.krajskakniznicazilina.sk\/index.php\/wp-json\/wp\/v2\/comments?post=13986"}],"version-history":[{"count":5,"href":"https:\/\/www.krajskakniznicazilina.sk\/index.php\/wp-json\/wp\/v2\/posts\/13986\/revisions"}],"predecessor-version":[{"id":14049,"href":"https:\/\/www.krajskakniznicazilina.sk\/index.php\/wp-json\/wp\/v2\/posts\/13986\/revisions\/14049"}],"wp:attachment":[{"href":"https:\/\/www.krajskakniznicazilina.sk\/index.php\/wp-json\/wp\/v2\/media?parent=13986"}],"wp:term":[{"taxonomy":"category","embeddable":true,"href":"https:\/\/www.krajskakniznicazilina.sk\/index.php\/wp-json\/wp\/v2\/categories?post=13986"},{"taxonomy":"post_tag","embeddable":true,"href":"https:\/\/www.krajskakniznicazilina.sk\/index.php\/wp-json\/wp\/v2\/tags?post=13986"}],"curies":[{"name":"wp","href":"https:\/\/api.w.org\/{rel}","templated":true}]}}