{"id":13999,"date":"2024-11-04T08:33:28","date_gmt":"2024-11-04T07:33:28","guid":{"rendered":"https:\/\/www.krajskakniznicazilina.sk\/?p=13999"},"modified":"2024-11-04T12:25:07","modified_gmt":"2024-11-04T11:25:07","slug":"s-knihou-citam-rozumiem-myslim-som-november","status":"publish","type":"post","link":"https:\/\/www.krajskakniznicazilina.sk\/index.php\/2024\/11\/04\/s-knihou-citam-rozumiem-myslim-som-november\/","title":{"rendered":"S knihou \u2013 \u010d\u00edtam, rozumiem, mysl\u00edm, som \/ november"},"content":{"rendered":"<p style=\"text-align: justify;\"><strong><a href=\"https:\/\/www.krajskakniznicazilina.sk\/clanky\/2024\/11\/%C4%8Drms%20s%20knihou%20november.jpg\"><img decoding=\"async\" class=\"alignleft size-full\" src=\"https:\/\/www.krajskakniznicazilina.sk\/clanky\/2024\/11\/%C4%8Drms%20s%20knihou%20november.jpg\" alt=\"plag\u00e1t\" width=\"35%\" height=\"35%\" \/><\/a>Program \/ ponuka pre \u0161kolsk\u00e9 kolekt\u00edvy na september.\u00a0<\/strong>Na podujatie je potrebn\u00e9 sa prihl\u00e1si\u0165:\u00a0<a href=\"mailto:neslusanova@krajskakniznicazilina.sk\">neslusanova@krajskakniznicazilina.sk<\/a><\/p>\n<p style=\"text-align: justify;\"><strong>18.11.2024 o 10:30 &#8211;\u00a0Rozpr\u00e1vanie o dobrodru\u017estv\u00e1ch malej Kl\u00e1ry a jej kamar\u00e1tov <\/strong>(6-8 rokov)<br \/>\nprezent\u00e1cia kn\u00edh a beseda s autorkou<br \/>\n<strong>Petra D\u017eerengov\u00e1<\/strong>, autorka kn\u00edh\u00a0 pre deti i dospel\u00fdch, knihovn\u00ed\u010dka, v\u00a0minulosti moder\u00e1torka a redaktorka Slovenskej telev\u00edzie<br \/>\nSpisovate\u013eka Jana D\u017eerengov\u00e1 nap\u00edsala s\u00e9riu kn\u00edh o\u00a0Kl\u00e1re: Kl\u00e1ra a\u00a0m\u00e1tohy (2012), Kl\u00e1ra a\u00a0iglu (2013), Kl\u00e1ra a\u00a0Tity (2014), Kl\u00e1ra v\u00a0Afrike (2022).<br \/>\nDeti \u010dak\u00e1 zauj\u00edmav\u00e1 beseda a\u00a0rozpr\u00e1vanie spisovate\u013eky o\u00a0hrdinke Kl\u00e1re a jej pr\u00edbehoch pln\u00fdch dobrodru\u017estiev.<!--more--><\/p>\n<p style=\"text-align: justify;\"><strong>20.11.2024 o 9:00 a 10:00 &#8211;<\/strong>\u00a0<strong>Drozd\u00edk \u010cimko <\/strong>(5-8 rokov)<br \/>\nhudobn\u00e1 dramatiz\u00e1cia rozpr\u00e1vky<br \/>\n<strong>Marta Pa\u017eick\u00e1<\/strong>, autorka kn\u00edh pre deti, hudobn\u00e1 pedagogi\u010dka v Z\u00e1kladnej umeleckej \u0161kole L. \u00c1rvaya<br \/>\n\u201eRozpr\u00e1vkov\u00fd pr\u00edbeh opisuje mal\u00e9ho drozd\u00edka, ktor\u00fd neposl\u00fachol mamu drozdicu, vypadol z hniezda a stal sa koris\u0165ou pre ma\u0161krtn\u00fa ma\u010di\u010dku Cicu Micu. Nakoniec v\u0161etko dobre dopadne, drozd\u00edk strat\u00ed iba p\u00e1r pierok a zachr\u00e1nia ho rodi\u010dia, mama drozdica a\u00a0tata drozd, a dobr\u00e9 die\u0165a, ktor\u00e9 ho vlo\u017e\u00ed sp\u00e4\u0165 do hniezda, kde sa uzdrav\u00ed a ke\u010f pr\u00edde jeho \u010das, polet\u00ed do sveta.\u00a0Deti z publika s\u00fa zapojen\u00e9 do deja ako herci, muzikanti na detsk\u00fdch \u013eahko ovl\u00e1date\u013en\u00fdch n\u00e1strojoch a spev\u00e1ci.\u201c<\/p>\n<p style=\"text-align: justify;\"><strong>21.11.2024 o 9:00 a 10:30 &#8211;\u00a0V\u00ed\u0165az je v ka\u017edom z n\u00e1s<\/strong> (6-8 \/ 9-12 rokov)<br \/>\nprezent\u00e1cia kn\u00edh a beseda s autorkou<br \/>\nZuzana Kuba\u0161\u00e1kov\u00e1 m\u00e1 knihy pre men\u0161ie deti (6-8 rokov), ale i v\u00e4\u010d\u0161ie deti (9-12 rokov). Besedu prisp\u00f4sob\u00ed veku det\u00ed, len treba kreova\u0165 skupinu o pribli\u017ene rovnakom veku.<br \/>\n<strong>Zuzana Kuba\u0161\u00e1kov\u00e1<\/strong>, spisovate\u013eka, u\u010dite\u013eka, lektorka anglick\u00e9ho jazyka, fotografka<br \/>\nBeseda o\u00a0knih\u00e1ch autorky \u0160kriatok v\u00a0py\u017eamku (2016), V\u00edla zo \u0161at\u00f4\u010dky (2018), Sopl\u00edk Lol\u00edk (2018), \u0160kriatok, V\u00edla a\u00a0Hviezdi\u010dka (2020), ktor\u00e9 n\u00e1s prev\u00e1dzaj\u00fa svetom ka\u017edodenn\u00fdch detsk\u00fdch situ\u00e1ci\u00ed. Rozpr\u00e1vky obsahuj\u00fa t\u00e9my a situ\u00e1cie bl\u00edzke de\u0165om z ka\u017edodenn\u00e9ho \u017eivota. Najnov\u0161ia kniha autorky Posledn\u00fd strom (2022) je pr\u00edbehom o tom, ak\u00e1 je pr\u00edroda vynaliezav\u00e1, ke\u010f ide o z\u00e1chranu nie\u010doho ve\u013emi vz\u00e1cneho a d\u00f4le\u017eit\u00e9ho. \u00a0M\u00f4\u017eeme sa za\u010d\u00edta\u0165 i\u00a0do knihy V\u00ed\u0165az je v\u00a0ka\u017edom z\u00a0n\u00e1s (2019), beletrizovan\u00fdch pr\u00edbehov z ran\u00e9ho obdobia piatich vrcholov\u00fdch \u0161portovcov a\u00a0obrovskom odhodlan\u00ed mlad\u00e9ho \u010dloveka.<\/p>\n<p style=\"text-align: justify;\">S knihou \u2013 \u010d\u00edtam, rozumiem, mysl\u00edm, som &#8211; XVII. ro\u010dn\u00edk. Z\u00a0verejn\u00fdch zdrojov podporil Fond na podporu umenia.<\/p>\n","protected":false},"excerpt":{"rendered":"<p>Program \/ ponuka pre \u0161kolsk\u00e9 kolekt\u00edvy na september.\u00a0Na podujatie je potrebn\u00e9 sa prihl\u00e1si\u0165:\u00a0neslusanova@krajskakniznicazilina.sk 18.11.2024 o 10:30 &#8211;\u00a0Rozpr\u00e1vanie o dobrodru\u017estv\u00e1ch malej Kl\u00e1ry a jej kamar\u00e1tov (6-8 rokov) prezent\u00e1cia kn\u00edh a beseda s autorkou Petra D\u017eerengov\u00e1, autorka kn\u00edh\u00a0 pre deti i dospel\u00fdch, knihovn\u00ed\u010dka, v\u00a0minulosti moder\u00e1torka a redaktorka Slovenskej telev\u00edzie Spisovate\u013eka Jana D\u017eerengov\u00e1 nap\u00edsala s\u00e9riu kn\u00edh o\u00a0Kl\u00e1re: Kl\u00e1ra &#8230; <a title=\"S knihou \u2013 \u010d\u00edtam, rozumiem, mysl\u00edm, som \/ november\" class=\"read-more\" href=\"https:\/\/www.krajskakniznicazilina.sk\/index.php\/2024\/11\/04\/s-knihou-citam-rozumiem-myslim-som-november\/\" aria-label=\"Pre\u010d\u00edtajte si viac o S knihou \u2013 \u010d\u00edtam, rozumiem, mysl\u00edm, som \/ november\">\u010c\u00edta\u0165 viac<\/a><\/p>\n","protected":false},"author":1,"featured_media":0,"comment_status":"open","ping_status":"open","sticky":false,"template":"","format":"image","meta":{"footnotes":""},"categories":[24,12,68],"tags":[],"class_list":["post-13999","post","type-post","status-publish","format-image","hentry","category-beseda","category-podujatie","category-projekt","post_format-post-format-image"],"_links":{"self":[{"href":"https:\/\/www.krajskakniznicazilina.sk\/index.php\/wp-json\/wp\/v2\/posts\/13999","targetHints":{"allow":["GET"]}}],"collection":[{"href":"https:\/\/www.krajskakniznicazilina.sk\/index.php\/wp-json\/wp\/v2\/posts"}],"about":[{"href":"https:\/\/www.krajskakniznicazilina.sk\/index.php\/wp-json\/wp\/v2\/types\/post"}],"author":[{"embeddable":true,"href":"https:\/\/www.krajskakniznicazilina.sk\/index.php\/wp-json\/wp\/v2\/users\/1"}],"replies":[{"embeddable":true,"href":"https:\/\/www.krajskakniznicazilina.sk\/index.php\/wp-json\/wp\/v2\/comments?post=13999"}],"version-history":[{"count":4,"href":"https:\/\/www.krajskakniznicazilina.sk\/index.php\/wp-json\/wp\/v2\/posts\/13999\/revisions"}],"predecessor-version":[{"id":14003,"href":"https:\/\/www.krajskakniznicazilina.sk\/index.php\/wp-json\/wp\/v2\/posts\/13999\/revisions\/14003"}],"wp:attachment":[{"href":"https:\/\/www.krajskakniznicazilina.sk\/index.php\/wp-json\/wp\/v2\/media?parent=13999"}],"wp:term":[{"taxonomy":"category","embeddable":true,"href":"https:\/\/www.krajskakniznicazilina.sk\/index.php\/wp-json\/wp\/v2\/categories?post=13999"},{"taxonomy":"post_tag","embeddable":true,"href":"https:\/\/www.krajskakniznicazilina.sk\/index.php\/wp-json\/wp\/v2\/tags?post=13999"}],"curies":[{"name":"wp","href":"https:\/\/api.w.org\/{rel}","templated":true}]}}