{"id":14029,"date":"2024-11-14T07:02:55","date_gmt":"2024-11-14T06:02:55","guid":{"rendered":"https:\/\/www.krajskakniznicazilina.sk\/?p=14029"},"modified":"2025-06-19T12:27:15","modified_gmt":"2025-06-19T10:27:15","slug":"prispevok-zilinskeho-regionu-k-rozvoju-informacnych-a-komunikacnych-technologii","status":"publish","type":"post","link":"https:\/\/www.krajskakniznicazilina.sk\/index.php\/2024\/11\/14\/prispevok-zilinskeho-regionu-k-rozvoju-informacnych-a-komunikacnych-technologii\/","title":{"rendered":"Pr\u00edspevok \u017eilinsk\u00e9ho regi\u00f3nu k rozvoju Informa\u010dn\u00fdch a Komunika\u010dn\u00fdch Technol\u00f3gi\u00ed (IKT)"},"content":{"rendered":"<p style=\"text-align: justify;\"><a href=\"https:\/\/www.krajskakniznicazilina.sk\/clanky\/2024\/11\/%C5%BEil%20reg%20rozvoj%20IKT%20semin%C3%A1r.jpg\"><img decoding=\"async\" class=\"alignleft size-full\" src=\"https:\/\/www.krajskakniznicazilina.sk\/clanky\/2024\/11\/%C5%BEil%20reg%20rozvoj%20IKT%20semin%C3%A1r.jpg\" alt=\"plag\u00e1t\" width=\"40%\" height=\"40%\" \/><\/a><\/p>\n<p style=\"text-align: justify;\">Poz\u00fdvame V\u00e1s na <strong>semin\u00e1r<\/strong> pod veden\u00edm Milana G\u00e1bika &#8211; o tom, ako \u017eilinsk\u00fd regi\u00f3n prispel k rozvoju informa\u010dn\u00fdch a komunika\u010dn\u00fdch technol\u00f3gi\u00ed v \u010cesko-Slovenku, ktor\u00fd sa uskuto\u010dn\u00ed v utorok <strong>26. novembra o 15:00<\/strong> v Krajskej kni\u017enici v \u017diline. Dozviete sa viac o hist\u00f3rii a za\u010diatkoch v\u00fdroby telekomunika\u010dn\u00fdch prostriedkov v TESLE Liptovsk\u00fd Hr\u00e1dok, telev\u00edznej techniky v TESLE Orava a informa\u010dn\u00fdch prostriedkov v z\u00e1vode N\u00e1mestovo, ako aj o v\u00fdskume a v\u00fdvoji technick\u00fdch a programov\u00fdch prostriedkov po\u010d\u00edta\u010dov vo VUVT \u017dilina a V\u0160DS \u017dilina. S\u00fa\u010das\u0165ou bude aj <strong>v\u00fdstava<\/strong>, ktor\u00e1 bude umiestnen\u00e1 v Krajskej kni\u017enici v \u017diline <strong>do 6. janu\u00e1ra 2025<\/strong>.<\/p>\n","protected":false},"excerpt":{"rendered":"<p>Poz\u00fdvame V\u00e1s na semin\u00e1r pod veden\u00edm Milana G\u00e1bika &#8211; o tom, ako \u017eilinsk\u00fd regi\u00f3n prispel k rozvoju informa\u010dn\u00fdch a komunika\u010dn\u00fdch technol\u00f3gi\u00ed v \u010cesko-Slovenku, ktor\u00fd sa uskuto\u010dn\u00ed v utorok 26. novembra o 15:00 v Krajskej kni\u017enici v \u017diline. Dozviete sa viac o hist\u00f3rii a za\u010diatkoch v\u00fdroby telekomunika\u010dn\u00fdch prostriedkov v TESLE Liptovsk\u00fd Hr\u00e1dok, telev\u00edznej techniky v TESLE &#8230; <a title=\"Pr\u00edspevok \u017eilinsk\u00e9ho regi\u00f3nu k rozvoju Informa\u010dn\u00fdch a Komunika\u010dn\u00fdch Technol\u00f3gi\u00ed (IKT)\" class=\"read-more\" href=\"https:\/\/www.krajskakniznicazilina.sk\/index.php\/2024\/11\/14\/prispevok-zilinskeho-regionu-k-rozvoju-informacnych-a-komunikacnych-technologii\/\" aria-label=\"Pre\u010d\u00edtajte si viac o Pr\u00edspevok \u017eilinsk\u00e9ho regi\u00f3nu k rozvoju Informa\u010dn\u00fdch a Komunika\u010dn\u00fdch Technol\u00f3gi\u00ed (IKT)\">\u010c\u00edta\u0165 viac<\/a><\/p>\n","protected":false},"author":1,"featured_media":0,"comment_status":"open","ping_status":"open","sticky":false,"template":"","format":"image","meta":{"footnotes":""},"categories":[12,22,15],"tags":[],"class_list":["post-14029","post","type-post","status-publish","format-image","hentry","category-podujatie","category-prednaska","category-vystava","post_format-post-format-image"],"_links":{"self":[{"href":"https:\/\/www.krajskakniznicazilina.sk\/index.php\/wp-json\/wp\/v2\/posts\/14029","targetHints":{"allow":["GET"]}}],"collection":[{"href":"https:\/\/www.krajskakniznicazilina.sk\/index.php\/wp-json\/wp\/v2\/posts"}],"about":[{"href":"https:\/\/www.krajskakniznicazilina.sk\/index.php\/wp-json\/wp\/v2\/types\/post"}],"author":[{"embeddable":true,"href":"https:\/\/www.krajskakniznicazilina.sk\/index.php\/wp-json\/wp\/v2\/users\/1"}],"replies":[{"embeddable":true,"href":"https:\/\/www.krajskakniznicazilina.sk\/index.php\/wp-json\/wp\/v2\/comments?post=14029"}],"version-history":[{"count":4,"href":"https:\/\/www.krajskakniznicazilina.sk\/index.php\/wp-json\/wp\/v2\/posts\/14029\/revisions"}],"predecessor-version":[{"id":15362,"href":"https:\/\/www.krajskakniznicazilina.sk\/index.php\/wp-json\/wp\/v2\/posts\/14029\/revisions\/15362"}],"wp:attachment":[{"href":"https:\/\/www.krajskakniznicazilina.sk\/index.php\/wp-json\/wp\/v2\/media?parent=14029"}],"wp:term":[{"taxonomy":"category","embeddable":true,"href":"https:\/\/www.krajskakniznicazilina.sk\/index.php\/wp-json\/wp\/v2\/categories?post=14029"},{"taxonomy":"post_tag","embeddable":true,"href":"https:\/\/www.krajskakniznicazilina.sk\/index.php\/wp-json\/wp\/v2\/tags?post=14029"}],"curies":[{"name":"wp","href":"https:\/\/api.w.org\/{rel}","templated":true}]}}