{"id":14036,"date":"2024-11-20T07:03:54","date_gmt":"2024-11-20T06:03:54","guid":{"rendered":"https:\/\/www.krajskakniznicazilina.sk\/?p=14036"},"modified":"2024-11-13T10:43:21","modified_gmt":"2024-11-13T09:43:21","slug":"beseda-s-marcelou-galovou","status":"publish","type":"post","link":"https:\/\/www.krajskakniznicazilina.sk\/index.php\/2024\/11\/20\/beseda-s-marcelou-galovou\/","title":{"rendered":"Beseda s Marcelou Ga\u013eovou\u00a0\u00a0\u00a0"},"content":{"rendered":"<p style=\"text-align: justify;\"><a href=\"https:\/\/www.krajskakniznicazilina.sk\/clanky\/2024\/12\/ga%C4%BEov%C3%A1.jpg\"><img decoding=\"async\" class=\"alignright size-full\" src=\"https:\/\/www.krajskakniznicazilina.sk\/clanky\/2024\/12\/ga%C4%BEov%C3%A1.jpg\" alt=\"plag\u00e1t\" width=\"40%\" height=\"40%\" \/><\/a>Marcela Ga\u013eov\u00e1 je spisovate\u013eka a vydavate\u013eka ak\u010dn\u00fdch a romanticko-psychologick\u00fdch rom\u00e1nov a elektronick\u00fdch publik\u00e1ci\u00ed z ed\u00edcie Fitness. Jej prian\u00edm je stretn\u00fa\u0165 sa s \u010ditate\u013emi a osobne sa porozpr\u00e1va\u0165 o knih\u00e1ch. Okrem liter\u00e1rnej \u010dinnosti a kni\u017en\u00e9ho poradenstva, poskytuje aj slu\u017eby priv\u00e1tneho Pilates \u0161t\u00fadia v Bratislave. Z jej tvorby dominuje kni\u017en\u00e1 novinka St\u00e1vka na V\u00ed\u0165aza. Kniha nesie zn\u00e1mky modern\u00e9ho a ak\u010dn\u00e9ho krimi rom\u00e1nu z biznis prostredia. Te\u0161\u00edme sa na v\u00e1s v stredu <strong>4. decembra o 17:00<\/strong> v Krajskej kni\u017enici v \u017diline.<\/p>\n","protected":false},"excerpt":{"rendered":"<p>Marcela Ga\u013eov\u00e1 je spisovate\u013eka a vydavate\u013eka ak\u010dn\u00fdch a romanticko-psychologick\u00fdch rom\u00e1nov a elektronick\u00fdch publik\u00e1ci\u00ed z ed\u00edcie Fitness. Jej prian\u00edm je stretn\u00fa\u0165 sa s \u010ditate\u013emi a osobne sa porozpr\u00e1va\u0165 o knih\u00e1ch. Okrem liter\u00e1rnej \u010dinnosti a kni\u017en\u00e9ho poradenstva, poskytuje aj slu\u017eby priv\u00e1tneho Pilates \u0161t\u00fadia v Bratislave. Z jej tvorby dominuje kni\u017en\u00e1 novinka St\u00e1vka na V\u00ed\u0165aza. Kniha nesie zn\u00e1mky &#8230; <a title=\"Beseda s Marcelou Ga\u013eovou\u00a0\u00a0\u00a0\" class=\"read-more\" href=\"https:\/\/www.krajskakniznicazilina.sk\/index.php\/2024\/11\/20\/beseda-s-marcelou-galovou\/\" aria-label=\"Pre\u010d\u00edtajte si viac o Beseda s Marcelou Ga\u013eovou\u00a0\u00a0\u00a0\">\u010c\u00edta\u0165 viac<\/a><\/p>\n","protected":false},"author":1,"featured_media":0,"comment_status":"open","ping_status":"open","sticky":false,"template":"","format":"image","meta":{"footnotes":""},"categories":[24,12],"tags":[],"class_list":["post-14036","post","type-post","status-publish","format-image","hentry","category-beseda","category-podujatie","post_format-post-format-image"],"_links":{"self":[{"href":"https:\/\/www.krajskakniznicazilina.sk\/index.php\/wp-json\/wp\/v2\/posts\/14036","targetHints":{"allow":["GET"]}}],"collection":[{"href":"https:\/\/www.krajskakniznicazilina.sk\/index.php\/wp-json\/wp\/v2\/posts"}],"about":[{"href":"https:\/\/www.krajskakniznicazilina.sk\/index.php\/wp-json\/wp\/v2\/types\/post"}],"author":[{"embeddable":true,"href":"https:\/\/www.krajskakniznicazilina.sk\/index.php\/wp-json\/wp\/v2\/users\/1"}],"replies":[{"embeddable":true,"href":"https:\/\/www.krajskakniznicazilina.sk\/index.php\/wp-json\/wp\/v2\/comments?post=14036"}],"version-history":[{"count":1,"href":"https:\/\/www.krajskakniznicazilina.sk\/index.php\/wp-json\/wp\/v2\/posts\/14036\/revisions"}],"predecessor-version":[{"id":14037,"href":"https:\/\/www.krajskakniznicazilina.sk\/index.php\/wp-json\/wp\/v2\/posts\/14036\/revisions\/14037"}],"wp:attachment":[{"href":"https:\/\/www.krajskakniznicazilina.sk\/index.php\/wp-json\/wp\/v2\/media?parent=14036"}],"wp:term":[{"taxonomy":"category","embeddable":true,"href":"https:\/\/www.krajskakniznicazilina.sk\/index.php\/wp-json\/wp\/v2\/categories?post=14036"},{"taxonomy":"post_tag","embeddable":true,"href":"https:\/\/www.krajskakniznicazilina.sk\/index.php\/wp-json\/wp\/v2\/tags?post=14036"}],"curies":[{"name":"wp","href":"https:\/\/api.w.org\/{rel}","templated":true}]}}