{"id":14038,"date":"2024-11-27T07:03:44","date_gmt":"2024-11-27T06:03:44","guid":{"rendered":"https:\/\/www.krajskakniznicazilina.sk\/?p=14038"},"modified":"2024-11-27T12:43:46","modified_gmt":"2024-11-27T11:43:46","slug":"odhalene-tajomstvo-leonardovej-poslednej-vecere","status":"publish","type":"post","link":"https:\/\/www.krajskakniznicazilina.sk\/index.php\/2024\/11\/27\/odhalene-tajomstvo-leonardovej-poslednej-vecere\/","title":{"rendered":"Odhalen\u00e9 tajomstvo Leonardovej Poslednej ve\u010dere"},"content":{"rendered":"<p style=\"text-align: justify;\"><a href=\"https:\/\/www.krajskakniznicazilina.sk\/clanky\/2024\/12\/tajomstvo%20leonardovej%20ve%C4%8Dere.jpg\"><img decoding=\"async\" class=\"size-full alignright\" src=\"https:\/\/www.krajskakniznicazilina.sk\/clanky\/2024\/12\/tajomstvo%20leonardovej%20ve%C4%8Dere.jpg\" alt=\"plag\u00e1t\" width=\"40%\" height=\"40%\" \/><\/a>V stredu<strong> 11. decembra o 17:00<\/strong> sa bude v kni\u017enici kona\u0165 interakt\u00edvna predn\u00e1\u0161ka akademick\u00e9ho maliara &#8211; Stanislava Lajdu, autora rekon\u0161trukcie svetovo zn\u00e1meho obrazu Leonarda z Vinci. Prezent\u00e1cia jeho novej, v porad\u00ed druhej knihy, v ktorej prin\u00e1\u0161a nieko\u013eko nov\u00fdch te\u00f3ri\u00ed, spojen\u00e1 s predajom knihy a autogrami\u00e1dou. Z verejn\u00fdch zdrojov podporil Fond na podporu umenia.<\/p>\n","protected":false},"excerpt":{"rendered":"<p>V stredu 11. decembra o 17:00 sa bude v kni\u017enici kona\u0165 interakt\u00edvna predn\u00e1\u0161ka akademick\u00e9ho maliara &#8211; Stanislava Lajdu, autora rekon\u0161trukcie svetovo zn\u00e1meho obrazu Leonarda z Vinci. Prezent\u00e1cia jeho novej, v porad\u00ed druhej knihy, v ktorej prin\u00e1\u0161a nieko\u013eko nov\u00fdch te\u00f3ri\u00ed, spojen\u00e1 s predajom knihy a autogrami\u00e1dou. Z verejn\u00fdch zdrojov podporil Fond na podporu umenia.<\/p>\n","protected":false},"author":1,"featured_media":0,"comment_status":"open","ping_status":"open","sticky":false,"template":"","format":"image","meta":{"footnotes":""},"categories":[12,22,80,17],"tags":[],"class_list":["post-14038","post","type-post","status-publish","format-image","hentry","category-podujatie","category-prednaska","category-prezentacia-knihy","category-program","post_format-post-format-image"],"_links":{"self":[{"href":"https:\/\/www.krajskakniznicazilina.sk\/index.php\/wp-json\/wp\/v2\/posts\/14038","targetHints":{"allow":["GET"]}}],"collection":[{"href":"https:\/\/www.krajskakniznicazilina.sk\/index.php\/wp-json\/wp\/v2\/posts"}],"about":[{"href":"https:\/\/www.krajskakniznicazilina.sk\/index.php\/wp-json\/wp\/v2\/types\/post"}],"author":[{"embeddable":true,"href":"https:\/\/www.krajskakniznicazilina.sk\/index.php\/wp-json\/wp\/v2\/users\/1"}],"replies":[{"embeddable":true,"href":"https:\/\/www.krajskakniznicazilina.sk\/index.php\/wp-json\/wp\/v2\/comments?post=14038"}],"version-history":[{"count":4,"href":"https:\/\/www.krajskakniznicazilina.sk\/index.php\/wp-json\/wp\/v2\/posts\/14038\/revisions"}],"predecessor-version":[{"id":14105,"href":"https:\/\/www.krajskakniznicazilina.sk\/index.php\/wp-json\/wp\/v2\/posts\/14038\/revisions\/14105"}],"wp:attachment":[{"href":"https:\/\/www.krajskakniznicazilina.sk\/index.php\/wp-json\/wp\/v2\/media?parent=14038"}],"wp:term":[{"taxonomy":"category","embeddable":true,"href":"https:\/\/www.krajskakniznicazilina.sk\/index.php\/wp-json\/wp\/v2\/categories?post=14038"},{"taxonomy":"post_tag","embeddable":true,"href":"https:\/\/www.krajskakniznicazilina.sk\/index.php\/wp-json\/wp\/v2\/tags?post=14038"}],"curies":[{"name":"wp","href":"https:\/\/api.w.org\/{rel}","templated":true}]}}