{"id":14040,"date":"2024-11-13T14:48:59","date_gmt":"2024-11-13T13:48:59","guid":{"rendered":"https:\/\/www.krajskakniznicazilina.sk\/?p=14040"},"modified":"2024-12-18T13:29:25","modified_gmt":"2024-12-18T12:29:25","slug":"14040","status":"publish","type":"post","link":"https:\/\/www.krajskakniznicazilina.sk\/index.php\/2024\/11\/13\/14040\/","title":{"rendered":""},"content":{"rendered":"<h3 style=\"text-align: justify;\">Krajsk\u00e1 kni\u017enica v \u017diline<strong> h\u013ead\u00e1 do chr\u00e1nenej dielne pracovn\u00edka<\/strong> na vykon\u00e1vanie \u013eah\u0161\u00edch \u00fadr\u017eb\u00e1rskych a pomocn\u00fdch knihovn\u00edckych pr\u00e1c. <strong>Podmienky<\/strong>:<\/h3>\n<ul>\n<li style=\"text-align: justify;\">uch\u00e1dza\u010d mus\u00ed ma\u0165 schv\u00e1len\u00fd invalidn\u00fd d\u00f4chodok (Rozhodnutie zo SP) s mierou poklesu schopnosti vykon\u00e1va\u0165 z\u00e1robkov\u00fa \u010dinnos\u0165 41 % &#8211; 70 % a nema\u0165 viac ako pol roka \u017eiaden pr\u00edjem zo zamestnania, z dohody o pracovnej \u010dinnosti ani z DoVP<br \/>\nalebo<\/li>\n<li>uch\u00e1dza\u010d mus\u00ed ma\u0165 schv\u00e1len\u00fd invalidn\u00fd d\u00f4chodok (Rozhodnutie zo SP) s mierou poklesu schopnosti vykon\u00e1va\u0165 z\u00e1robkov\u00fa \u010dinnos\u0165 viac ako 70 % ( pr\u00edjem sa nesleduje).<\/li>\n<\/ul>\n<p>Kontakt &#8211; ekonomick\u00e9 oddelenie: 0417232745, <a href=\"mailto:zilknizza@vuczilina.sk\">zilknizza@vuczilina.sk<\/a><\/p>\n","protected":false},"excerpt":{"rendered":"<p>Krajsk\u00e1 kni\u017enica v \u017diline h\u013ead\u00e1 do chr\u00e1nenej dielne pracovn\u00edka na vykon\u00e1vanie \u013eah\u0161\u00edch \u00fadr\u017eb\u00e1rskych a pomocn\u00fdch knihovn\u00edckych pr\u00e1c. Podmienky: uch\u00e1dza\u010d mus\u00ed ma\u0165 schv\u00e1len\u00fd invalidn\u00fd d\u00f4chodok (Rozhodnutie zo SP) s mierou poklesu schopnosti vykon\u00e1va\u0165 z\u00e1robkov\u00fa \u010dinnos\u0165 41 % &#8211; 70 % a nema\u0165 viac ako pol roka \u017eiaden pr\u00edjem zo zamestnania, z dohody o pracovnej \u010dinnosti ani &#8230; <a title=\"\" class=\"read-more\" href=\"https:\/\/www.krajskakniznicazilina.sk\/index.php\/2024\/11\/13\/14040\/\" aria-label=\"Pre\u010d\u00edtajte si viac o \">\u010c\u00edta\u0165 viac<\/a><\/p>\n","protected":false},"author":1,"featured_media":0,"comment_status":"open","ping_status":"open","sticky":false,"template":"","format":"image","meta":{"footnotes":""},"categories":[1],"tags":[],"class_list":["post-14040","post","type-post","status-publish","format-image","hentry","category-oznam","post_format-post-format-image"],"_links":{"self":[{"href":"https:\/\/www.krajskakniznicazilina.sk\/index.php\/wp-json\/wp\/v2\/posts\/14040","targetHints":{"allow":["GET"]}}],"collection":[{"href":"https:\/\/www.krajskakniznicazilina.sk\/index.php\/wp-json\/wp\/v2\/posts"}],"about":[{"href":"https:\/\/www.krajskakniznicazilina.sk\/index.php\/wp-json\/wp\/v2\/types\/post"}],"author":[{"embeddable":true,"href":"https:\/\/www.krajskakniznicazilina.sk\/index.php\/wp-json\/wp\/v2\/users\/1"}],"replies":[{"embeddable":true,"href":"https:\/\/www.krajskakniznicazilina.sk\/index.php\/wp-json\/wp\/v2\/comments?post=14040"}],"version-history":[{"count":4,"href":"https:\/\/www.krajskakniznicazilina.sk\/index.php\/wp-json\/wp\/v2\/posts\/14040\/revisions"}],"predecessor-version":[{"id":14044,"href":"https:\/\/www.krajskakniznicazilina.sk\/index.php\/wp-json\/wp\/v2\/posts\/14040\/revisions\/14044"}],"wp:attachment":[{"href":"https:\/\/www.krajskakniznicazilina.sk\/index.php\/wp-json\/wp\/v2\/media?parent=14040"}],"wp:term":[{"taxonomy":"category","embeddable":true,"href":"https:\/\/www.krajskakniznicazilina.sk\/index.php\/wp-json\/wp\/v2\/categories?post=14040"},{"taxonomy":"post_tag","embeddable":true,"href":"https:\/\/www.krajskakniznicazilina.sk\/index.php\/wp-json\/wp\/v2\/tags?post=14040"}],"curies":[{"name":"wp","href":"https:\/\/api.w.org\/{rel}","templated":true}]}}