{"id":14061,"date":"2024-11-28T07:03:09","date_gmt":"2024-11-28T06:03:09","guid":{"rendered":"https:\/\/www.krajskakniznicazilina.sk\/?p=14061"},"modified":"2024-11-20T08:32:06","modified_gmt":"2024-11-20T07:32:06","slug":"caj-u-klobucnika-dokoncenie-masiek-na-tvar","status":"publish","type":"post","link":"https:\/\/www.krajskakniznicazilina.sk\/index.php\/2024\/11\/28\/caj-u-klobucnika-dokoncenie-masiek-na-tvar\/","title":{"rendered":"\u010caj u klobu\u010dn\u00edka \u2013 dokon\u010denie masiek na tv\u00e1r"},"content":{"rendered":"<p style=\"text-align: justify;\"><a href=\"https:\/\/www.krajskakniznicazilina.sk\/clanky\/2024\/12\/%C4%8Daj%20u%20klobu%C4%8Dn%C3%ADka%2012.jpg\"><img decoding=\"async\" class=\"alignleft size-full\" src=\"https:\/\/www.krajskakniznicazilina.sk\/clanky\/2024\/12\/%C4%8Daj%20u%20klobu%C4%8Dn%C3%ADka%2012.jpg\" alt=\"plag\u00e1t\" width=\"40%\" height=\"40%\" \/><\/a>Pr\u00ed\u010fte sa zahria\u0165 \u0161\u00e1lkou \u010daju do Krajskej kni\u017enice v \u017diline a popri tom pom\u00f4c\u0165 budova\u0165 komunitn\u00fa po\u017ei\u010dov\u0148u kost\u00fdmov. Stretneme sa v piatok <strong>13. decembra o 16.00<\/strong> a budeme dokon\u010dova\u0165 tv\u00e1rov\u00e9 masky a\u00a0\u0161krabo\u0161ky, ktor\u00e9 sme vyrobili na minulom stretnut\u00ed. Prihl\u00e1ste sa cez formul\u00e1r:\u00a0<a href=\"https:\/\/forms.gle\/rKB5Ky8xVRFK3QFFA\">https:\/\/forms.gle\/rKB5Ky8xVRFK3QFFA<\/a><\/p>\n","protected":false},"excerpt":{"rendered":"<p>Pr\u00ed\u010fte sa zahria\u0165 \u0161\u00e1lkou \u010daju do Krajskej kni\u017enice v \u017diline a popri tom pom\u00f4c\u0165 budova\u0165 komunitn\u00fa po\u017ei\u010dov\u0148u kost\u00fdmov. Stretneme sa v piatok 13. decembra o 16.00 a budeme dokon\u010dova\u0165 tv\u00e1rov\u00e9 masky a\u00a0\u0161krabo\u0161ky, ktor\u00e9 sme vyrobili na minulom stretnut\u00ed. Prihl\u00e1ste sa cez formul\u00e1r:\u00a0https:\/\/forms.gle\/rKB5Ky8xVRFK3QFFA<\/p>\n","protected":false},"author":1,"featured_media":0,"comment_status":"open","ping_status":"open","sticky":false,"template":"","format":"image","meta":{"footnotes":""},"categories":[23,12,20],"tags":[],"class_list":["post-14061","post","type-post","status-publish","format-image","hentry","category-klub","category-podujatie","category-workshop","post_format-post-format-image"],"_links":{"self":[{"href":"https:\/\/www.krajskakniznicazilina.sk\/index.php\/wp-json\/wp\/v2\/posts\/14061","targetHints":{"allow":["GET"]}}],"collection":[{"href":"https:\/\/www.krajskakniznicazilina.sk\/index.php\/wp-json\/wp\/v2\/posts"}],"about":[{"href":"https:\/\/www.krajskakniznicazilina.sk\/index.php\/wp-json\/wp\/v2\/types\/post"}],"author":[{"embeddable":true,"href":"https:\/\/www.krajskakniznicazilina.sk\/index.php\/wp-json\/wp\/v2\/users\/1"}],"replies":[{"embeddable":true,"href":"https:\/\/www.krajskakniznicazilina.sk\/index.php\/wp-json\/wp\/v2\/comments?post=14061"}],"version-history":[{"count":1,"href":"https:\/\/www.krajskakniznicazilina.sk\/index.php\/wp-json\/wp\/v2\/posts\/14061\/revisions"}],"predecessor-version":[{"id":14062,"href":"https:\/\/www.krajskakniznicazilina.sk\/index.php\/wp-json\/wp\/v2\/posts\/14061\/revisions\/14062"}],"wp:attachment":[{"href":"https:\/\/www.krajskakniznicazilina.sk\/index.php\/wp-json\/wp\/v2\/media?parent=14061"}],"wp:term":[{"taxonomy":"category","embeddable":true,"href":"https:\/\/www.krajskakniznicazilina.sk\/index.php\/wp-json\/wp\/v2\/categories?post=14061"},{"taxonomy":"post_tag","embeddable":true,"href":"https:\/\/www.krajskakniznicazilina.sk\/index.php\/wp-json\/wp\/v2\/tags?post=14061"}],"curies":[{"name":"wp","href":"https:\/\/api.w.org\/{rel}","templated":true}]}}