{"id":14066,"date":"2024-11-21T07:02:46","date_gmt":"2024-11-21T06:02:46","guid":{"rendered":"https:\/\/www.krajskakniznicazilina.sk\/?p=14066"},"modified":"2024-11-20T10:21:12","modified_gmt":"2024-11-20T09:21:12","slug":"just-a-natruc-zas-a-znova","status":"publish","type":"post","link":"https:\/\/www.krajskakniznicazilina.sk\/index.php\/2024\/11\/21\/just-a-natruc-zas-a-znova\/","title":{"rendered":"Just a\u00a0Natruc zas a znova"},"content":{"rendered":"<p style=\"text-align: justify;\"><a href=\"https:\/\/www.krajskakniznicazilina.sk\/clanky\/2024\/12\/Just%20a%20natruc%20V.jpg\"><img decoding=\"async\" class=\"alignleft size-full\" src=\"https:\/\/www.krajskakniznicazilina.sk\/clanky\/2024\/12\/Just%20a%20natruc%20V.jpg\" alt=\"plag\u00e1t\" width=\"35%\" height=\"35%\" \/><\/a>Poz\u00fdvame V\u00e1s na <strong>vernis\u00e1\u017e v\u00fdstavy v\u00a0utorok 3. decembra o\u00a016:30<\/strong> do Krajskej kni\u017enice v \u017diline. Slovensko-filip\u00ednska fotoskupina Just a Natruc, p\u00f4sobiaca v \u017diline, sa u\u017e tradi\u010dne predstavuje na svojej v\u00fdstave v krajskej kni\u017enici. Fotografie, ktor\u00e9 bud\u00fa vystaven\u00e9, reprezentuj\u00fa tvorbu 6 fotografov, z ktor\u00fdch ka\u017ed\u00fd vn\u00edma okolit\u00fd svet cez h\u013ead\u00e1\u010dik fotoapar\u00e1tu inak. Preto s\u00fa na v\u00fdstave zast\u00fapen\u00e9 dokument\u00e1rne fotografie, street fotografia, mestsk\u00e9 krajiny aj manipulovan\u00e1 fotografia, zachyten\u00e9 na digit\u00e1lne m\u00e9dia, ale aj klasick\u00fd film. Spolo\u010dn\u00fdm menovate\u013eom fotografi\u00ed je okrem ich snahy o nev\u0161edn\u00e9 zobrazenie pr\u00edslu\u0161nej t\u00e9my aj form\u00e1lna jednotnos\u0165 v \u010dierno-bielom zhotoven\u00ed v\u00fdsledn\u00e9ho obrazu. Ako skupina Just a Natruc, tak aj jednotliv\u00ed \u010dlenovia sa z\u00fa\u010dast\u0148uj\u00fa viacer\u00fdch n\u00e1rodn\u00fdch a medzin\u00e1rodn\u00fdch fotografick\u00fdch s\u00fa\u0165a\u017e\u00ed, kde zvy\u010dajne ich fotografie poroty zaujm\u00fa a z\u00edskavaj\u00fa r\u00f4zne ocenenia. <strong>V\u00fdstava<\/strong> bude spr\u00edstupnen\u00e1 verejnosti od 3.<strong> do 30. decembra<\/strong> 2024 na pr\u00edzem\u00ed v\u00a0Krajskej kni\u017enici v\u00a0\u017diline.<\/p>\n","protected":false},"excerpt":{"rendered":"<p>Poz\u00fdvame V\u00e1s na vernis\u00e1\u017e v\u00fdstavy v\u00a0utorok 3. decembra o\u00a016:30 do Krajskej kni\u017enice v \u017diline. Slovensko-filip\u00ednska fotoskupina Just a Natruc, p\u00f4sobiaca v \u017diline, sa u\u017e tradi\u010dne predstavuje na svojej v\u00fdstave v krajskej kni\u017enici. Fotografie, ktor\u00e9 bud\u00fa vystaven\u00e9, reprezentuj\u00fa tvorbu 6 fotografov, z ktor\u00fdch ka\u017ed\u00fd vn\u00edma okolit\u00fd svet cez h\u013ead\u00e1\u010dik fotoapar\u00e1tu inak. Preto s\u00fa na v\u00fdstave zast\u00fapen\u00e9 &#8230; <a title=\"Just a\u00a0Natruc zas a znova\" class=\"read-more\" href=\"https:\/\/www.krajskakniznicazilina.sk\/index.php\/2024\/11\/21\/just-a-natruc-zas-a-znova\/\" aria-label=\"Pre\u010d\u00edtajte si viac o Just a\u00a0Natruc zas a znova\">\u010c\u00edta\u0165 viac<\/a><\/p>\n","protected":false},"author":1,"featured_media":0,"comment_status":"open","ping_status":"open","sticky":false,"template":"","format":"image","meta":{"footnotes":""},"categories":[28,15],"tags":[],"class_list":["post-14066","post","type-post","status-publish","format-image","hentry","category-vernisaz","category-vystava","post_format-post-format-image"],"_links":{"self":[{"href":"https:\/\/www.krajskakniznicazilina.sk\/index.php\/wp-json\/wp\/v2\/posts\/14066","targetHints":{"allow":["GET"]}}],"collection":[{"href":"https:\/\/www.krajskakniznicazilina.sk\/index.php\/wp-json\/wp\/v2\/posts"}],"about":[{"href":"https:\/\/www.krajskakniznicazilina.sk\/index.php\/wp-json\/wp\/v2\/types\/post"}],"author":[{"embeddable":true,"href":"https:\/\/www.krajskakniznicazilina.sk\/index.php\/wp-json\/wp\/v2\/users\/1"}],"replies":[{"embeddable":true,"href":"https:\/\/www.krajskakniznicazilina.sk\/index.php\/wp-json\/wp\/v2\/comments?post=14066"}],"version-history":[{"count":1,"href":"https:\/\/www.krajskakniznicazilina.sk\/index.php\/wp-json\/wp\/v2\/posts\/14066\/revisions"}],"predecessor-version":[{"id":14067,"href":"https:\/\/www.krajskakniznicazilina.sk\/index.php\/wp-json\/wp\/v2\/posts\/14066\/revisions\/14067"}],"wp:attachment":[{"href":"https:\/\/www.krajskakniznicazilina.sk\/index.php\/wp-json\/wp\/v2\/media?parent=14066"}],"wp:term":[{"taxonomy":"category","embeddable":true,"href":"https:\/\/www.krajskakniznicazilina.sk\/index.php\/wp-json\/wp\/v2\/categories?post=14066"},{"taxonomy":"post_tag","embeddable":true,"href":"https:\/\/www.krajskakniznicazilina.sk\/index.php\/wp-json\/wp\/v2\/tags?post=14066"}],"curies":[{"name":"wp","href":"https:\/\/api.w.org\/{rel}","templated":true}]}}