{"id":14084,"date":"2024-11-29T08:12:23","date_gmt":"2024-11-29T07:12:23","guid":{"rendered":"https:\/\/www.krajskakniznicazilina.sk\/?p=14084"},"modified":"2024-11-29T08:44:49","modified_gmt":"2024-11-29T07:44:49","slug":"osmijankova-literarna-zahrada-domskolaci","status":"publish","type":"post","link":"https:\/\/www.krajskakniznicazilina.sk\/index.php\/2024\/11\/29\/osmijankova-literarna-zahrada-domskolaci\/","title":{"rendered":"Osmijankova liter\u00e1rna z\u00e1hrada (pre deti v dom\u00e1com vzdel\u00e1van\u00ed)"},"content":{"rendered":"<p style=\"text-align: justify;\"><a href=\"https:\/\/www.krajskakniznicazilina.sk\/clanky\/2024\/12\/dom%C5%A1k%2012.jpg\"><img decoding=\"async\" class=\"size-full alignleft\" src=\"https:\/\/www.krajskakniznicazilina.sk\/clanky\/2024\/12\/dom%C5%A1k%2012.jpg\" alt=\"plag\u00e1t\" width=\"40%\" height=\"40%\" \/><\/a>Po roku op\u00e4\u0165 s de\u0165mi v dom\u00e1com vzdel\u00e1van\u00ed nazrieme do Osmijankovej z\u00e1hrady, aby sme poodhalili jej skryt\u00e9 tajomstv\u00e1 &#8211; <strong>9. decembra o 9:00<\/strong> v Krajskej kni\u017enici v \u017diline.<\/p>\n<p style=\"text-align: justify;\">Podujatie je ur\u010den\u00e9<strong>\u00a0pre deti<\/strong>\u00a0od 5 do 8 rokov\u00a0<strong>v dom\u00e1com vzdel\u00e1van\u00ed<\/strong>. Podmienkou je platn\u00fd \u010ditate\u013esk\u00fd preukaz do Krajskej kni\u017enice v \u017diline.<\/p>\n","protected":false},"excerpt":{"rendered":"<p>Po roku op\u00e4\u0165 s de\u0165mi v dom\u00e1com vzdel\u00e1van\u00ed nazrieme do Osmijankovej z\u00e1hrady, aby sme poodhalili jej skryt\u00e9 tajomstv\u00e1 &#8211; 9. decembra o 9:00 v Krajskej kni\u017enici v \u017diline. Podujatie je ur\u010den\u00e9\u00a0pre deti\u00a0od 5 do 8 rokov\u00a0v dom\u00e1com vzdel\u00e1van\u00ed. Podmienkou je platn\u00fd \u010ditate\u013esk\u00fd preukaz do Krajskej kni\u017enice v \u017diline.<\/p>\n","protected":false},"author":1,"featured_media":0,"comment_status":"open","ping_status":"open","sticky":false,"template":"","format":"image","meta":{"footnotes":""},"categories":[12,73],"tags":[],"class_list":["post-14084","post","type-post","status-publish","format-image","hentry","category-podujatie","category-pre-deti","post_format-post-format-image"],"_links":{"self":[{"href":"https:\/\/www.krajskakniznicazilina.sk\/index.php\/wp-json\/wp\/v2\/posts\/14084","targetHints":{"allow":["GET"]}}],"collection":[{"href":"https:\/\/www.krajskakniznicazilina.sk\/index.php\/wp-json\/wp\/v2\/posts"}],"about":[{"href":"https:\/\/www.krajskakniznicazilina.sk\/index.php\/wp-json\/wp\/v2\/types\/post"}],"author":[{"embeddable":true,"href":"https:\/\/www.krajskakniznicazilina.sk\/index.php\/wp-json\/wp\/v2\/users\/1"}],"replies":[{"embeddable":true,"href":"https:\/\/www.krajskakniznicazilina.sk\/index.php\/wp-json\/wp\/v2\/comments?post=14084"}],"version-history":[{"count":3,"href":"https:\/\/www.krajskakniznicazilina.sk\/index.php\/wp-json\/wp\/v2\/posts\/14084\/revisions"}],"predecessor-version":[{"id":14118,"href":"https:\/\/www.krajskakniznicazilina.sk\/index.php\/wp-json\/wp\/v2\/posts\/14084\/revisions\/14118"}],"wp:attachment":[{"href":"https:\/\/www.krajskakniznicazilina.sk\/index.php\/wp-json\/wp\/v2\/media?parent=14084"}],"wp:term":[{"taxonomy":"category","embeddable":true,"href":"https:\/\/www.krajskakniznicazilina.sk\/index.php\/wp-json\/wp\/v2\/categories?post=14084"},{"taxonomy":"post_tag","embeddable":true,"href":"https:\/\/www.krajskakniznicazilina.sk\/index.php\/wp-json\/wp\/v2\/tags?post=14084"}],"curies":[{"name":"wp","href":"https:\/\/api.w.org\/{rel}","templated":true}]}}