{"id":14109,"date":"2024-11-28T13:44:08","date_gmt":"2024-11-28T12:44:08","guid":{"rendered":"https:\/\/www.krajskakniznicazilina.sk\/?p=14109"},"modified":"2024-11-28T13:44:08","modified_gmt":"2024-11-28T12:44:08","slug":"vyhodnotenie-sutaze-literarnej-ceny-janka-fratrika-2024","status":"publish","type":"post","link":"https:\/\/www.krajskakniznicazilina.sk\/index.php\/2024\/11\/28\/vyhodnotenie-sutaze-literarnej-ceny-janka-fratrika-2024\/","title":{"rendered":"Vyhodnotenie s\u00fa\u0165a\u017ee Liter\u00e1rnej ceny Janka Fr\u00e1trika 2024"},"content":{"rendered":"<p style=\"text-align: justify;\"><a href=\"https:\/\/www.krajskakniznicazilina.sk\/clanky\/2024\/12\/LCJF%20vyhl%C3%A1s%20v.jpg\"><img decoding=\"async\" class=\"alignright \" src=\"https:\/\/www.krajskakniznicazilina.sk\/clanky\/2024\/12\/LCJF%20vyhl%C3%A1s%20v.jpg\" alt=\"plag\u00e1t\" width=\"40%\" height=\"40%\" \/><\/a>Poz\u00fdvame v\u00e1s na vyhodnotenie s\u00fa\u0165a\u017ee Liter\u00e1rnej ceny Janka Fr\u00e1trika 2024, ktor\u00e9 sa uskuto\u010dn\u00ed v stredu\u00a0v Krajskej kni\u017enici v \u017diline. S\u00fa\u0165a\u017e bola ur\u010den\u00e1 pre \u017eiakov z\u00e1kladn\u00fdch \u0161k\u00f4l, osemro\u010dn\u00fdch gymn\u00e1zi\u00ed, stredn\u00fdch odborn\u00fdch \u0161k\u00f4l a gymn\u00e1zi\u00ed. Krajsk\u00e1 kni\u017enica v \u017diline v zria\u010fovate\u013eskej p\u00f4sobnosti \u017dilinsk\u00e9ho samospr\u00e1vneho kraja, ob\u010dianske zdru\u017eenie Br\u00e1na poznania a Mesto \u017dilina tento rok vyhl\u00e1silo 9. ro\u010dn\u00edk s\u00fa\u0165a\u017ee Liter\u00e1rna cena Janka Fr\u00e1trika 2024. Liter\u00e1rna s\u00fa\u0165a\u017e bola zameran\u00e1 na tvorbu po\u00e9zie bez zadania t\u00e9my a je ur\u010den\u00e1 de\u0165om a mlad\u00fdm \u013eu\u010fom do 20 rokov, ktor\u00ed trvale \u017eij\u00fa na \u00fazem\u00ed SR. Te\u0161\u00edme sa na va\u0161u n\u00e1v\u0161tevu.<\/p>\n","protected":false},"excerpt":{"rendered":"<p>Poz\u00fdvame v\u00e1s na vyhodnotenie s\u00fa\u0165a\u017ee Liter\u00e1rnej ceny Janka Fr\u00e1trika 2024, ktor\u00e9 sa uskuto\u010dn\u00ed v stredu\u00a0v Krajskej kni\u017enici v \u017diline. S\u00fa\u0165a\u017e bola ur\u010den\u00e1 pre \u017eiakov z\u00e1kladn\u00fdch \u0161k\u00f4l, osemro\u010dn\u00fdch gymn\u00e1zi\u00ed, stredn\u00fdch odborn\u00fdch \u0161k\u00f4l a gymn\u00e1zi\u00ed. Krajsk\u00e1 kni\u017enica v \u017diline v zria\u010fovate\u013eskej p\u00f4sobnosti \u017dilinsk\u00e9ho samospr\u00e1vneho kraja, ob\u010dianske zdru\u017eenie Br\u00e1na poznania a Mesto \u017dilina tento rok vyhl\u00e1silo 9. ro\u010dn\u00edk &#8230; <a title=\"Vyhodnotenie s\u00fa\u0165a\u017ee Liter\u00e1rnej ceny Janka Fr\u00e1trika 2024\" class=\"read-more\" href=\"https:\/\/www.krajskakniznicazilina.sk\/index.php\/2024\/11\/28\/vyhodnotenie-sutaze-literarnej-ceny-janka-fratrika-2024\/\" aria-label=\"Pre\u010d\u00edtajte si viac o Vyhodnotenie s\u00fa\u0165a\u017ee Liter\u00e1rnej ceny Janka Fr\u00e1trika 2024\">\u010c\u00edta\u0165 viac<\/a><\/p>\n","protected":false},"author":1,"featured_media":0,"comment_status":"open","ping_status":"open","sticky":false,"template":"","format":"image","meta":{"footnotes":""},"categories":[50,12,16],"tags":[],"class_list":["post-14109","post","type-post","status-publish","format-image","hentry","category-literarna-cena-janka-fratrika","category-podujatie","category-sutaz","post_format-post-format-image"],"_links":{"self":[{"href":"https:\/\/www.krajskakniznicazilina.sk\/index.php\/wp-json\/wp\/v2\/posts\/14109","targetHints":{"allow":["GET"]}}],"collection":[{"href":"https:\/\/www.krajskakniznicazilina.sk\/index.php\/wp-json\/wp\/v2\/posts"}],"about":[{"href":"https:\/\/www.krajskakniznicazilina.sk\/index.php\/wp-json\/wp\/v2\/types\/post"}],"author":[{"embeddable":true,"href":"https:\/\/www.krajskakniznicazilina.sk\/index.php\/wp-json\/wp\/v2\/users\/1"}],"replies":[{"embeddable":true,"href":"https:\/\/www.krajskakniznicazilina.sk\/index.php\/wp-json\/wp\/v2\/comments?post=14109"}],"version-history":[{"count":1,"href":"https:\/\/www.krajskakniznicazilina.sk\/index.php\/wp-json\/wp\/v2\/posts\/14109\/revisions"}],"predecessor-version":[{"id":14110,"href":"https:\/\/www.krajskakniznicazilina.sk\/index.php\/wp-json\/wp\/v2\/posts\/14109\/revisions\/14110"}],"wp:attachment":[{"href":"https:\/\/www.krajskakniznicazilina.sk\/index.php\/wp-json\/wp\/v2\/media?parent=14109"}],"wp:term":[{"taxonomy":"category","embeddable":true,"href":"https:\/\/www.krajskakniznicazilina.sk\/index.php\/wp-json\/wp\/v2\/categories?post=14109"},{"taxonomy":"post_tag","embeddable":true,"href":"https:\/\/www.krajskakniznicazilina.sk\/index.php\/wp-json\/wp\/v2\/tags?post=14109"}],"curies":[{"name":"wp","href":"https:\/\/api.w.org\/{rel}","templated":true}]}}