{"id":14135,"date":"2024-12-30T07:02:48","date_gmt":"2024-12-30T06:02:48","guid":{"rendered":"https:\/\/www.krajskakniznicazilina.sk\/?p=14135"},"modified":"2024-12-09T08:13:54","modified_gmt":"2024-12-09T07:13:54","slug":"peter-stansky-vystava","status":"publish","type":"post","link":"https:\/\/www.krajskakniznicazilina.sk\/index.php\/2024\/12\/30\/peter-stansky-vystava\/","title":{"rendered":"Peter \u0160tansk\u00fd &#8211; v\u00fdstava"},"content":{"rendered":"<p style=\"text-align: justify;\"><a href=\"https:\/\/www.krajskakniznicazilina.sk\/clanky\/2025\/01\/%C5%A1tansk%C3%BD.jpg\"><img decoding=\"async\" class=\"alignright size-full\" src=\"https:\/\/www.krajskakniznicazilina.sk\/clanky\/2025\/01\/%C5%A1tansk%C3%BD.jpg\" alt=\"plag\u00e1t\" width=\"35%\" height=\"35%\" \/><\/a>V\u00fdstava pri pr\u00edle\u017eitosti 80. v\u00fdro\u010dia narodenia \u017eilinsk\u00e9ho archiv\u00e1ra a historika Petra \u0160tansk\u00e9ho. Cel\u00fd svoj profesijn\u00fd \u017eivot p\u00f4sobil v m\u00faze\u00e1ch, alebo arch\u00edvoch. Na d\u00f4chodku mapuje dejiny \u017diliny s e\u0161te v\u00e4\u010d\u0161ou v\u00e1\u0161\u0148ou a z\u00e1palom. P\u00f4sobil ako riadite\u013e \u0160t\u00e1tneho arch\u00edvu Byt\u010da \u2013 pobo\u010dka \u017dilina. V roku 2013 bol ocenen\u00fd \u010cestn\u00fdm ob\u010dianstvom mesta \u017dilina. V\u00fdstava je zameran\u00e1 na liter\u00e1rnu \u010dinnos\u0165 osobnosti a bude in\u0161talovan\u00e1 na Oddelen\u00ed beletrie na pr\u00edzem\u00ed Krajskej kni\u017enice v\u00a0\u017diline v\u00a0janu\u00e1ri 2025.<\/p>\n","protected":false},"excerpt":{"rendered":"<p>V\u00fdstava pri pr\u00edle\u017eitosti 80. v\u00fdro\u010dia narodenia \u017eilinsk\u00e9ho archiv\u00e1ra a historika Petra \u0160tansk\u00e9ho. Cel\u00fd svoj profesijn\u00fd \u017eivot p\u00f4sobil v m\u00faze\u00e1ch, alebo arch\u00edvoch. Na d\u00f4chodku mapuje dejiny \u017diliny s e\u0161te v\u00e4\u010d\u0161ou v\u00e1\u0161\u0148ou a z\u00e1palom. P\u00f4sobil ako riadite\u013e \u0160t\u00e1tneho arch\u00edvu Byt\u010da \u2013 pobo\u010dka \u017dilina. V roku 2013 bol ocenen\u00fd \u010cestn\u00fdm ob\u010dianstvom mesta \u017dilina. V\u00fdstava je zameran\u00e1 na liter\u00e1rnu &#8230; <a title=\"Peter \u0160tansk\u00fd &#8211; v\u00fdstava\" class=\"read-more\" href=\"https:\/\/www.krajskakniznicazilina.sk\/index.php\/2024\/12\/30\/peter-stansky-vystava\/\" aria-label=\"Pre\u010d\u00edtajte si viac o Peter \u0160tansk\u00fd &#8211; v\u00fdstava\">\u010c\u00edta\u0165 viac<\/a><\/p>\n","protected":false},"author":1,"featured_media":0,"comment_status":"open","ping_status":"open","sticky":false,"template":"","format":"image","meta":{"footnotes":""},"categories":[15],"tags":[],"class_list":["post-14135","post","type-post","status-publish","format-image","hentry","category-vystava","post_format-post-format-image"],"_links":{"self":[{"href":"https:\/\/www.krajskakniznicazilina.sk\/index.php\/wp-json\/wp\/v2\/posts\/14135","targetHints":{"allow":["GET"]}}],"collection":[{"href":"https:\/\/www.krajskakniznicazilina.sk\/index.php\/wp-json\/wp\/v2\/posts"}],"about":[{"href":"https:\/\/www.krajskakniznicazilina.sk\/index.php\/wp-json\/wp\/v2\/types\/post"}],"author":[{"embeddable":true,"href":"https:\/\/www.krajskakniznicazilina.sk\/index.php\/wp-json\/wp\/v2\/users\/1"}],"replies":[{"embeddable":true,"href":"https:\/\/www.krajskakniznicazilina.sk\/index.php\/wp-json\/wp\/v2\/comments?post=14135"}],"version-history":[{"count":2,"href":"https:\/\/www.krajskakniznicazilina.sk\/index.php\/wp-json\/wp\/v2\/posts\/14135\/revisions"}],"predecessor-version":[{"id":14137,"href":"https:\/\/www.krajskakniznicazilina.sk\/index.php\/wp-json\/wp\/v2\/posts\/14135\/revisions\/14137"}],"wp:attachment":[{"href":"https:\/\/www.krajskakniznicazilina.sk\/index.php\/wp-json\/wp\/v2\/media?parent=14135"}],"wp:term":[{"taxonomy":"category","embeddable":true,"href":"https:\/\/www.krajskakniznicazilina.sk\/index.php\/wp-json\/wp\/v2\/categories?post=14135"},{"taxonomy":"post_tag","embeddable":true,"href":"https:\/\/www.krajskakniznicazilina.sk\/index.php\/wp-json\/wp\/v2\/tags?post=14135"}],"curies":[{"name":"wp","href":"https:\/\/api.w.org\/{rel}","templated":true}]}}