{"id":14161,"date":"2024-12-31T08:10:15","date_gmt":"2024-12-31T07:10:15","guid":{"rendered":"https:\/\/www.krajskakniznicazilina.sk\/?p=14161"},"modified":"2024-12-18T08:18:45","modified_gmt":"2024-12-18T07:18:45","slug":"klub-u-knihulky-o-rozpravkovom-mackovi","status":"publish","type":"post","link":"https:\/\/www.krajskakniznicazilina.sk\/index.php\/2024\/12\/31\/klub-u-knihulky-o-rozpravkovom-mackovi\/","title":{"rendered":"Klub u Knihu\u013eky \u2013 O rozpr\u00e1vkovom mackovi"},"content":{"rendered":"<p style=\"text-align: justify;\"><a href=\"https:\/\/www.krajskakniznicazilina.sk\/clanky\/2025\/01\/klub%20u%20knihulky%201.jpg\"><img decoding=\"async\" class=\"alignleft size-full\" src=\"https:\/\/www.krajskakniznicazilina.sk\/clanky\/2025\/01\/klub%20u%20knihulky%201.jpg\" alt=\"plag\u00e1t\" width=\"40%\" height=\"40%\" \/><\/a>N\u00e1\u0161 rozpr\u00e1vkov\u00fd macko Mi\u0161ko nechce by\u0165 viac mackom, ale snehuliakom. Deti, mus\u00edme mu to spolo\u010dne vyhovori\u0165! Pom\u00f4\u017eete mi s t\u00fdm mal\u00fdm v\u00fdmyseln\u00edkom? Klub u Knihu\u013eky bude v janu\u00e1ri biely, \u010darovn\u00fd, zasne\u017een\u00fd a samozrejme rozpr\u00e1vkov\u00fd. Obzrieme sa spolo\u010dne za star\u00fdm rokom, prezrad\u00edme, \u010do sme na\u0161li pod viano\u010dn\u00fdm strom\u010dekom a nau\u010d\u00edme sa aj kr\u00e1snu zimn\u00fa b\u00e1sni\u010dku. Te\u0161\u00edme sa na v\u00e1s v Krajskej kni\u017enici v \u017diline v utorok <strong>14. janu\u00e1ra 2025 o 10:30<\/strong>.<\/p>\n<p style=\"text-align: justify;\">Na podujatie je potrebn\u00e9 sa <strong>prihl\u00e1si\u0165<\/strong>: <strong><a href=\"https:\/\/forms.gle\/F9MkgPeNfkKFM98HA\">https:\/\/forms.gle\/F9MkgPeNfkKFM98HA<\/a><\/strong><\/p>\n<p style=\"text-align: justify;\">Klub u Knihu\u013eky je ur\u010den\u00fd pre deti od 2 do 4 rokov v sprievode dospelej osoby. Podmienkou je platn\u00fd \u010ditate\u013esk\u00fd preukaz.<\/p>\n<p style=\"text-align: justify;\">\n","protected":false},"excerpt":{"rendered":"<p>N\u00e1\u0161 rozpr\u00e1vkov\u00fd macko Mi\u0161ko nechce by\u0165 viac mackom, ale snehuliakom. Deti, mus\u00edme mu to spolo\u010dne vyhovori\u0165! Pom\u00f4\u017eete mi s t\u00fdm mal\u00fdm v\u00fdmyseln\u00edkom? Klub u Knihu\u013eky bude v janu\u00e1ri biely, \u010darovn\u00fd, zasne\u017een\u00fd a samozrejme rozpr\u00e1vkov\u00fd. Obzrieme sa spolo\u010dne za star\u00fdm rokom, prezrad\u00edme, \u010do sme na\u0161li pod viano\u010dn\u00fdm strom\u010dekom a nau\u010d\u00edme sa aj kr\u00e1snu zimn\u00fa b\u00e1sni\u010dku. Te\u0161\u00edme &#8230; <a title=\"Klub u Knihu\u013eky \u2013 O rozpr\u00e1vkovom mackovi\" class=\"read-more\" href=\"https:\/\/www.krajskakniznicazilina.sk\/index.php\/2024\/12\/31\/klub-u-knihulky-o-rozpravkovom-mackovi\/\" aria-label=\"Pre\u010d\u00edtajte si viac o Klub u Knihu\u013eky \u2013 O rozpr\u00e1vkovom mackovi\">\u010c\u00edta\u0165 viac<\/a><\/p>\n","protected":false},"author":1,"featured_media":0,"comment_status":"open","ping_status":"open","sticky":false,"template":"","format":"image","meta":{"footnotes":""},"categories":[23,35,12,73],"tags":[],"class_list":["post-14161","post","type-post","status-publish","format-image","hentry","category-klub","category-knihulka","category-podujatie","category-pre-deti","post_format-post-format-image"],"_links":{"self":[{"href":"https:\/\/www.krajskakniznicazilina.sk\/index.php\/wp-json\/wp\/v2\/posts\/14161","targetHints":{"allow":["GET"]}}],"collection":[{"href":"https:\/\/www.krajskakniznicazilina.sk\/index.php\/wp-json\/wp\/v2\/posts"}],"about":[{"href":"https:\/\/www.krajskakniznicazilina.sk\/index.php\/wp-json\/wp\/v2\/types\/post"}],"author":[{"embeddable":true,"href":"https:\/\/www.krajskakniznicazilina.sk\/index.php\/wp-json\/wp\/v2\/users\/1"}],"replies":[{"embeddable":true,"href":"https:\/\/www.krajskakniznicazilina.sk\/index.php\/wp-json\/wp\/v2\/comments?post=14161"}],"version-history":[{"count":2,"href":"https:\/\/www.krajskakniznicazilina.sk\/index.php\/wp-json\/wp\/v2\/posts\/14161\/revisions"}],"predecessor-version":[{"id":14163,"href":"https:\/\/www.krajskakniznicazilina.sk\/index.php\/wp-json\/wp\/v2\/posts\/14161\/revisions\/14163"}],"wp:attachment":[{"href":"https:\/\/www.krajskakniznicazilina.sk\/index.php\/wp-json\/wp\/v2\/media?parent=14161"}],"wp:term":[{"taxonomy":"category","embeddable":true,"href":"https:\/\/www.krajskakniznicazilina.sk\/index.php\/wp-json\/wp\/v2\/categories?post=14161"},{"taxonomy":"post_tag","embeddable":true,"href":"https:\/\/www.krajskakniznicazilina.sk\/index.php\/wp-json\/wp\/v2\/tags?post=14161"}],"curies":[{"name":"wp","href":"https:\/\/api.w.org\/{rel}","templated":true}]}}