{"id":14205,"date":"2025-01-14T07:02:31","date_gmt":"2025-01-14T06:02:31","guid":{"rendered":"https:\/\/www.krajskakniznicazilina.sk\/?p=14205"},"modified":"2025-01-30T12:58:24","modified_gmt":"2025-01-30T11:58:24","slug":"klub-u-knihulky-domcek-domcek-kto-v-tebe-byva","status":"publish","type":"post","link":"https:\/\/www.krajskakniznicazilina.sk\/index.php\/2025\/01\/14\/klub-u-knihulky-domcek-domcek-kto-v-tebe-byva\/","title":{"rendered":"PRESUNUT\u00dd Klub u Knihu\u013eky &#8211; Dom\u010dek, dom\u010dek, kto v tebe b\u00fdva?\u00a0"},"content":{"rendered":"<p style=\"text-align: justify;\"><a href=\"https:\/\/www.krajskakniznicazilina.sk\/wp-content\/uploads\/2025\/01\/klub-u-knihulky-2-presunut\u00e9-scaled.jpg\"><img loading=\"lazy\" decoding=\"async\" class=\"size-medium wp-image-14452 alignleft\" src=\"https:\/\/www.krajskakniznicazilina.sk\/wp-content\/uploads\/2025\/01\/klub-u-knihulky-2-presunut\u00e9-300x212.jpg\" alt=\"\" width=\"300\" height=\"212\" \/><\/a>Dom\u010dek, dom\u010dek, kto v tebe b\u00fdva? Ruka v rukavi\u010dke, noha v papu\u010dke, hlava v \u010diapke, jazyk v \u00fastach&#8230; Deti pozn\u00e1te v\u0161etky tie \u010dudn\u00e9 domy? Viete kto kde b\u00fdva? Klub u Knihu\u013eky bude vo febru\u00e1ri pln\u00fd domov, bytov, skr\u00fd\u0161, stavania a prer\u00e1bania. Najlep\u0161ie na tom bude, \u017ee to bude z LEGA dupla. Te\u0161\u00edme sa na v\u00e1s v Krajskej kni\u017enici v \u017diline <strong>11. febru\u00e1ra 2025 o 10:30<\/strong>. Na podujatie je potrebn\u00e9 sa<strong> prihl\u00e1si\u0165: <a href=\"https:\/\/forms.gle\/QciUD21tERq2qoLM6\">https:\/\/forms.gle\/QciUD21tERq2qoLM6<\/a><\/strong><\/p>\n<p style=\"text-align: justify;\">Klub u\u00a0Knihu\u013eky je ur\u010den\u00fd pre deti od 2 do 4 rokov v\u00a0sprievode dospelej osoby. Podmienkou je platn\u00fd \u010ditate\u013esk\u00fd preukaz.<\/p>\n","protected":false},"excerpt":{"rendered":"<p>Dom\u010dek, dom\u010dek, kto v tebe b\u00fdva? Ruka v rukavi\u010dke, noha v papu\u010dke, hlava v \u010diapke, jazyk v \u00fastach&#8230; Deti pozn\u00e1te v\u0161etky tie \u010dudn\u00e9 domy? Viete kto kde b\u00fdva? Klub u Knihu\u013eky bude vo febru\u00e1ri pln\u00fd domov, bytov, skr\u00fd\u0161, stavania a prer\u00e1bania. Najlep\u0161ie na tom bude, \u017ee to bude z LEGA dupla. Te\u0161\u00edme sa na v\u00e1s &#8230; <a title=\"PRESUNUT\u00dd Klub u Knihu\u013eky &#8211; Dom\u010dek, dom\u010dek, kto v tebe b\u00fdva?\u00a0\" class=\"read-more\" href=\"https:\/\/www.krajskakniznicazilina.sk\/index.php\/2025\/01\/14\/klub-u-knihulky-domcek-domcek-kto-v-tebe-byva\/\" aria-label=\"Pre\u010d\u00edtajte si viac o PRESUNUT\u00dd Klub u Knihu\u013eky &#8211; Dom\u010dek, dom\u010dek, kto v tebe b\u00fdva?\u00a0\">\u010c\u00edta\u0165 viac<\/a><\/p>\n","protected":false},"author":1,"featured_media":0,"comment_status":"open","ping_status":"open","sticky":false,"template":"","format":"image","meta":{"footnotes":""},"categories":[23,35,12,73],"tags":[],"class_list":["post-14205","post","type-post","status-publish","format-image","hentry","category-klub","category-knihulka","category-podujatie","category-pre-deti","post_format-post-format-image"],"_links":{"self":[{"href":"https:\/\/www.krajskakniznicazilina.sk\/index.php\/wp-json\/wp\/v2\/posts\/14205","targetHints":{"allow":["GET"]}}],"collection":[{"href":"https:\/\/www.krajskakniznicazilina.sk\/index.php\/wp-json\/wp\/v2\/posts"}],"about":[{"href":"https:\/\/www.krajskakniznicazilina.sk\/index.php\/wp-json\/wp\/v2\/types\/post"}],"author":[{"embeddable":true,"href":"https:\/\/www.krajskakniznicazilina.sk\/index.php\/wp-json\/wp\/v2\/users\/1"}],"replies":[{"embeddable":true,"href":"https:\/\/www.krajskakniznicazilina.sk\/index.php\/wp-json\/wp\/v2\/comments?post=14205"}],"version-history":[{"count":4,"href":"https:\/\/www.krajskakniznicazilina.sk\/index.php\/wp-json\/wp\/v2\/posts\/14205\/revisions"}],"predecessor-version":[{"id":14454,"href":"https:\/\/www.krajskakniznicazilina.sk\/index.php\/wp-json\/wp\/v2\/posts\/14205\/revisions\/14454"}],"wp:attachment":[{"href":"https:\/\/www.krajskakniznicazilina.sk\/index.php\/wp-json\/wp\/v2\/media?parent=14205"}],"wp:term":[{"taxonomy":"category","embeddable":true,"href":"https:\/\/www.krajskakniznicazilina.sk\/index.php\/wp-json\/wp\/v2\/categories?post=14205"},{"taxonomy":"post_tag","embeddable":true,"href":"https:\/\/www.krajskakniznicazilina.sk\/index.php\/wp-json\/wp\/v2\/tags?post=14205"}],"curies":[{"name":"wp","href":"https:\/\/api.w.org\/{rel}","templated":true}]}}