{"id":14251,"date":"2025-03-17T07:02:20","date_gmt":"2025-03-17T06:02:20","guid":{"rendered":"https:\/\/www.krajskakniznicazilina.sk\/?p=14251"},"modified":"2025-03-17T16:19:58","modified_gmt":"2025-03-17T15:19:58","slug":"cestovanie-o-piatej-kde-sa-vzali-tu-sa-vzali","status":"publish","type":"post","link":"https:\/\/www.krajskakniznicazilina.sk\/index.php\/2025\/03\/17\/cestovanie-o-piatej-kde-sa-vzali-tu-sa-vzali\/","title":{"rendered":"Cestovanie o piatej &#8211; Kde sa vzali, tu sa vzali"},"content":{"rendered":"<p style=\"text-align: justify;\"><strong><a href=\"https:\/\/www.krajskakniznicazilina.sk\/clanky\/2025\/03\/cestovanie%20o%20piatej%203.jpg\"><img decoding=\"async\" class=\"size-full alignright\" src=\"https:\/\/www.krajskakniznicazilina.sk\/clanky\/2025\/03\/cestovanie%20o%20piatej%203.jpg\" alt=\"plag\u00e1t\" width=\"40%\" height=\"40%\" \/><\/a><\/strong>V pondelok<strong> 31. marca o 17:00 <\/strong>sa spolo\u010dne sa pozrieme na najzauj\u00edmavej\u0161ie, najvtipnej\u0161ie, naj\u010dudnej\u0161ie n\u00e1zvy obc\u00ed a miest na Slovensku \u010dias s\u00fa\u010dasn\u00fdch aj minul\u00fdch a nevynech\u00e1me ani\u00a0 mest\u00e1, obce a ostrovy v \u010falekom a ne\u010falekom svete.<\/p>\n","protected":false},"excerpt":{"rendered":"<p>V pondelok 31. marca o 17:00 sa spolo\u010dne sa pozrieme na najzauj\u00edmavej\u0161ie, najvtipnej\u0161ie, naj\u010dudnej\u0161ie n\u00e1zvy obc\u00ed a miest na Slovensku \u010dias s\u00fa\u010dasn\u00fdch aj minul\u00fdch a nevynech\u00e1me ani\u00a0 mest\u00e1, obce a ostrovy v \u010falekom a ne\u010falekom svete.<\/p>\n","protected":false},"author":1,"featured_media":0,"comment_status":"open","ping_status":"open","sticky":false,"template":"","format":"image","meta":{"footnotes":""},"categories":[21,12],"tags":[],"class_list":["post-14251","post","type-post","status-publish","format-image","hentry","category-cestovatelska-beseda","category-podujatie","post_format-post-format-image"],"_links":{"self":[{"href":"https:\/\/www.krajskakniznicazilina.sk\/index.php\/wp-json\/wp\/v2\/posts\/14251","targetHints":{"allow":["GET"]}}],"collection":[{"href":"https:\/\/www.krajskakniznicazilina.sk\/index.php\/wp-json\/wp\/v2\/posts"}],"about":[{"href":"https:\/\/www.krajskakniznicazilina.sk\/index.php\/wp-json\/wp\/v2\/types\/post"}],"author":[{"embeddable":true,"href":"https:\/\/www.krajskakniznicazilina.sk\/index.php\/wp-json\/wp\/v2\/users\/1"}],"replies":[{"embeddable":true,"href":"https:\/\/www.krajskakniznicazilina.sk\/index.php\/wp-json\/wp\/v2\/comments?post=14251"}],"version-history":[{"count":5,"href":"https:\/\/www.krajskakniznicazilina.sk\/index.php\/wp-json\/wp\/v2\/posts\/14251\/revisions"}],"predecessor-version":[{"id":14832,"href":"https:\/\/www.krajskakniznicazilina.sk\/index.php\/wp-json\/wp\/v2\/posts\/14251\/revisions\/14832"}],"wp:attachment":[{"href":"https:\/\/www.krajskakniznicazilina.sk\/index.php\/wp-json\/wp\/v2\/media?parent=14251"}],"wp:term":[{"taxonomy":"category","embeddable":true,"href":"https:\/\/www.krajskakniznicazilina.sk\/index.php\/wp-json\/wp\/v2\/categories?post=14251"},{"taxonomy":"post_tag","embeddable":true,"href":"https:\/\/www.krajskakniznicazilina.sk\/index.php\/wp-json\/wp\/v2\/tags?post=14251"}],"curies":[{"name":"wp","href":"https:\/\/api.w.org\/{rel}","templated":true}]}}