{"id":14252,"date":"2025-01-30T07:16:20","date_gmt":"2025-01-30T06:16:20","guid":{"rendered":"https:\/\/www.krajskakniznicazilina.sk\/?p=14252"},"modified":"2025-01-15T14:18:00","modified_gmt":"2025-01-15T13:18:00","slug":"cestovanie-o-piatej-pribehy-minulosti-slovenskych-obci-a-mesteciek","status":"publish","type":"post","link":"https:\/\/www.krajskakniznicazilina.sk\/index.php\/2025\/01\/30\/cestovanie-o-piatej-pribehy-minulosti-slovenskych-obci-a-mesteciek\/","title":{"rendered":"Cestovanie o piatej &#8211; pr\u00edbehy minulosti slovensk\u00fdch obc\u00ed a meste\u010diek"},"content":{"rendered":"<p style=\"text-align: justify;\"><a href=\"https:\/\/www.krajskakniznicazilina.sk\/clanky\/2025\/02\/cestovanie%20o%20piatej%202.jpg\"><img decoding=\"async\" class=\"alignright size-full\" src=\"https:\/\/www.krajskakniznicazilina.sk\/clanky\/2025\/02\/cestovanie%20o%20piatej%202.jpg\" alt=\"plag\u00e1t\" width=\"40%\" height=\"40%\" \/><\/a>V\u00a0pondelok <strong>17.febru\u00e1ra o 17:00 <\/strong>sa porozpr\u00e1vame o\u00a0slovensk\u00fdch obciach a meste\u010dk\u00e1ch s najzauj\u00edmavej\u0161\u00edmi osudmi. Tragick\u00fdmi, vtipn\u00fdmi, neuverite\u013en\u00fdmi a ob\u010das aj uverite\u013en\u00fdmi. V druhej \u010dasti podujatia sa pozrieme na najbizarnej\u0161ie \u0161portov\u00e9 discipl\u00edny na olympi\u00e1de v d\u00e1vnej aj ned\u00e1vnej minulosti.<\/p>\n","protected":false},"excerpt":{"rendered":"<p>V\u00a0pondelok 17.febru\u00e1ra o 17:00 sa porozpr\u00e1vame o\u00a0slovensk\u00fdch obciach a meste\u010dk\u00e1ch s najzauj\u00edmavej\u0161\u00edmi osudmi. Tragick\u00fdmi, vtipn\u00fdmi, neuverite\u013en\u00fdmi a ob\u010das aj uverite\u013en\u00fdmi. V druhej \u010dasti podujatia sa pozrieme na najbizarnej\u0161ie \u0161portov\u00e9 discipl\u00edny na olympi\u00e1de v d\u00e1vnej aj ned\u00e1vnej minulosti.<\/p>\n","protected":false},"author":1,"featured_media":0,"comment_status":"open","ping_status":"open","sticky":false,"template":"","format":"image","meta":{"footnotes":""},"categories":[21,12],"tags":[],"class_list":["post-14252","post","type-post","status-publish","format-image","hentry","category-cestovatelska-beseda","category-podujatie","post_format-post-format-image"],"_links":{"self":[{"href":"https:\/\/www.krajskakniznicazilina.sk\/index.php\/wp-json\/wp\/v2\/posts\/14252","targetHints":{"allow":["GET"]}}],"collection":[{"href":"https:\/\/www.krajskakniznicazilina.sk\/index.php\/wp-json\/wp\/v2\/posts"}],"about":[{"href":"https:\/\/www.krajskakniznicazilina.sk\/index.php\/wp-json\/wp\/v2\/types\/post"}],"author":[{"embeddable":true,"href":"https:\/\/www.krajskakniznicazilina.sk\/index.php\/wp-json\/wp\/v2\/users\/1"}],"replies":[{"embeddable":true,"href":"https:\/\/www.krajskakniznicazilina.sk\/index.php\/wp-json\/wp\/v2\/comments?post=14252"}],"version-history":[{"count":2,"href":"https:\/\/www.krajskakniznicazilina.sk\/index.php\/wp-json\/wp\/v2\/posts\/14252\/revisions"}],"predecessor-version":[{"id":14254,"href":"https:\/\/www.krajskakniznicazilina.sk\/index.php\/wp-json\/wp\/v2\/posts\/14252\/revisions\/14254"}],"wp:attachment":[{"href":"https:\/\/www.krajskakniznicazilina.sk\/index.php\/wp-json\/wp\/v2\/media?parent=14252"}],"wp:term":[{"taxonomy":"category","embeddable":true,"href":"https:\/\/www.krajskakniznicazilina.sk\/index.php\/wp-json\/wp\/v2\/categories?post=14252"},{"taxonomy":"post_tag","embeddable":true,"href":"https:\/\/www.krajskakniznicazilina.sk\/index.php\/wp-json\/wp\/v2\/tags?post=14252"}],"curies":[{"name":"wp","href":"https:\/\/api.w.org\/{rel}","templated":true}]}}