{"id":14262,"date":"2025-01-16T07:02:10","date_gmt":"2025-01-16T06:02:10","guid":{"rendered":"https:\/\/www.krajskakniznicazilina.sk\/?p=14262"},"modified":"2025-01-14T11:50:43","modified_gmt":"2025-01-14T10:50:43","slug":"kniha-horneho-povazia-2024","status":"publish","type":"post","link":"https:\/\/www.krajskakniznicazilina.sk\/index.php\/2025\/01\/16\/kniha-horneho-povazia-2024\/","title":{"rendered":"Kniha Horn\u00e9ho Pova\u017eia 2024"},"content":{"rendered":"<p style=\"text-align: justify;\"><a href=\"https:\/\/www.krajskakniznicazilina.sk\/clanky\/2025\/01\/khp%202024.jpg\"><img decoding=\"async\" class=\"alignright size-full\" src=\"https:\/\/www.krajskakniznicazilina.sk\/clanky\/2025\/01\/khp%202024.jpg\" alt=\"plag\u00e1t\" width=\"35%\" height=\"35%\" \/><\/a>Krajsk\u00e1 kni\u017enica v\u00a0\u017diline v\u00a0zria\u010fovate\u013eskej p\u00f4sobnosti \u017dilinsk\u00e9ho samospr\u00e1vneho kraja v\u00a0spolupr\u00e1ci s region\u00e1lnymi novinami MY \u017dilina ako hlavn\u00fdm medi\u00e1lnym partnerom a\u00a0\u010fal\u0161\u00edmi partnermi: <a href=\"https:\/\/www.zilinak.sk\/\">\u017dilinak<\/a>, <a href=\"http:\/\/www.mojtyzden.sk\">mojtyzden.sk<\/a> a\u00a0<a href=\"https:\/\/www.litcentrum.sk\/casopis\/knizna-revue\">Kni\u017en\u00e1 revue<\/a>, vyhlasuje 19. ro\u010dn\u00edk \u010ditate\u013eskej s\u00fa\u0165a\u017ee <strong>Kniha Horn\u00e9ho Pova\u017eia 2024<\/strong>.<\/p>\n<p style=\"text-align: justify;\">Cie\u013eom s\u00fa\u0165a\u017ee je predstavi\u0165 verejnosti tvorbu a osobnosti autorov \u017eij\u00facich a p\u00f4sobiacich v regi\u00f3ne Horn\u00e9 Pova\u017eie.<\/p>\n<p style=\"text-align: justify;\">Nominova\u0165 knihy m\u00f4\u017ee \u010ditate\u013esk\u00e1 verejnos\u0165, autori, zostavovatelia, redaktori, vydavatelia, kn\u00edhkupci \u010di distrib\u00fatori kn\u00edh. Do s\u00fa\u0165a\u017ee m\u00f4\u017eu by\u0165 zaraden\u00e9 knihy vydan\u00e9 v roku 2024, s\u00fa sp\u00e4t\u00e9 s regi\u00f3nom Horn\u00e9ho Pova\u017eia tematicky, alebo osobou autora textovej \u010di obrazovej \u010dasti a bolo im pridelen\u00e9 ISBN (<a href=\"https:\/\/www.krajskakniznicazilina.sk\/menu\/prekniz\/knihaHP\/khp2024prav.pdf\"><strong>pravidl\u00e1 s\u00fa\u0165a\u017ee<\/strong><\/a>).<br \/>\nKnihy bud\u00fa rozdelen\u00e9 do dvoch s\u00fa\u0165a\u017en\u00fdch kateg\u00f3ri\u00ed: beletria a odborn\u00e1 literat\u00fara.<\/p>\n<p style=\"text-align: justify;\"><strong>Nomin\u00e1cie sa prij\u00edmaj\u00fa<\/strong> v term\u00edne od 27. janu\u00e1ra<strong> do 24. febru\u00e1ra 2025<\/strong>.<\/p>\n<h3 style=\"text-align: justify;\"><strong>Ako nominova\u0165?<\/strong><\/h3>\n<h3><strong>Online nomina\u010dn\u00fd list<\/strong> m\u00f4\u017eete vyplni\u0165 na tejto adrese: <strong><a href=\"https:\/\/forms.gle\/SNLLDcnvZHV8sYvP8\">https:\/\/forms.gle\/SNLLDcnvZHV8sYvP8<\/a>\u00a0<\/strong><\/h3>\n<p><!--more--><\/p>\n<p>Pr\u00edpadne m\u00f4\u017eete\u00a0<strong><a href=\"https:\/\/www.krajskakniznicazilina.sk\/menu\/prekniz\/knihaHP\/khpNL.pdf\">nomina\u010dn\u00fd list<\/a><\/strong>\u00a0doru\u010di\u0165:<\/p>\n<ul>\n<li>po\u0161tou \/ osobne na adresu: Krajsk\u00e1 kni\u017enica v \u017diline Ul. A. Bernol\u00e1ka 47, 011 77 \u017dilina<\/li>\n<li>alebo emailom na:\u00a0<a href=\"mailto:lajdova@krajskakniznicazilina.sk\">lajdova@krajskakniznicazilina.sk<\/a><\/li>\n<\/ul>\n<p style=\"text-align: justify;\">Autori nominovanej publik\u00e1cie, zostavovatelia, redaktori, vydavatelia, kn\u00edhkupci a distrib\u00fatori kn\u00edh jeden v\u00fdtla\u010dok nominovanej publik\u00e1cie spolu s nomina\u010dn\u00fdm listom doru\u010dia osobne alebo po\u0161tou na adresu kni\u017enice.<\/p>\n<p style=\"text-align: justify;\"><strong>Hlasovanie<\/strong> bude prebieha\u0165 <strong>od 3. marca do 11. apr\u00edla<\/strong> 2025. O v\u00ed\u0165aznej knihe rozhodne \u010ditate\u013esk\u00e1 verejnos\u0165 prostredn\u00edctvom hlasovac\u00edch l\u00edstkov. Hlasovacie l\u00edstky bud\u00fa uverej\u0148ovan\u00e9 v region\u00e1lnych novin\u00e1ch MY \u017dilina, alebo si ich z\u00e1ujemcovia m\u00f4\u017eu vyzdvihn\u00fa\u0165 priamo v kni\u017enici. Verejnos\u0165 m\u00f4\u017ee hlasova\u0165 aj prostredn\u00edctvom online hlasovacieho l\u00edstka zverejnen\u00e9ho na web str\u00e1nke kni\u017enice. Na jednom hlasovacom l\u00edstku m\u00f4\u017ee hlasuj\u00faci udeli\u0165 jeden hlas knihe v prvej kateg\u00f3rii beletria a\u00a0jeden hlas knihe v druhej kateg\u00f3rii odborn\u00e1 literat\u00fara. Hlasuj\u00faci m\u00f4\u017ee udeli\u0165 jednej knihe len jeden hlas.<\/p>\n<p style=\"text-align: justify;\">Kniha, ktor\u00e1 z\u00edska najviac \u010ditate\u013esk\u00fdch hlasov, z\u00edska ocenenie Kniha Horn\u00e9ho Pova\u017eia 2024. Vyhl\u00e1senie v\u00fdsledkov s\u00fa\u0165a\u017ee bude 23. apr\u00edla 2025 o 16.00 hod. v Krajskej kni\u017enici v \u017diline.<\/p>\n<p style=\"text-align: justify;\">Na sl\u00e1vnostnom vyhodnoten\u00ed s\u00fa\u0165a\u017ee bud\u00fa z hlasuj\u00facich vy\u017erebovan\u00ed traja v\u00fdhercovia, ktor\u00ed z\u00edskaj\u00fa vecn\u00e9 ceny, predplatn\u00e9 region\u00e1lnych nov\u00edn MY \u017dilina a z\u00e1pisn\u00e9 v Krajskej kni\u017enici v \u017diline na 365 dn\u00ed.<\/p>\n<p style=\"text-align: justify;\">\u010citate\u013esk\u00e1 s\u00fa\u0165a\u017e prebieha vo v\u0161etk\u00fdch region\u00e1lnych kni\u017eniciach \u017dSK. Z troch naj\u00faspe\u0161nej\u0161\u00edch kn\u00edh v ka\u017edej kateg\u00f3rii a z ka\u017ed\u00e9ho regi\u00f3nu \u017dilinsk\u00e9ho kraja bude zostaven\u00e1 putovn\u00e1 v\u00fdstava, ktor\u00e1 sa zastav\u00ed v ka\u017edej region\u00e1lnej kni\u017enici v\u00a0kraji.<\/p>\n<ol style=\"text-align: justify;\">\n<li>Krajsk\u00e1 kni\u017enica v \u017diline 27.5.2025 &#8211; 13.6.2025<\/li>\n<li>Liptovsk\u00e1 kni\u017enica G.F. Belopotock\u00e9ho\u00a0v Liptovskom Mikul\u00e1\u0161i 24.6.2025 &#8211; 11.7.2025<\/li>\n<li>Oravsk\u00e1 kni\u017enica A. Habov\u0161tiaka v\u00a0Dolnom Kub\u00edne 21.7.2025 &#8211; 8.8.2025<\/li>\n<li>Tur\u010dianska kni\u017enica v\u00a0Martine 19.8.2025 &#8211; 5.9.2025<\/li>\n<li>Kysuck\u00e1 kni\u017enica v \u010cadci 16.9.2025 &#8211; 3.10.2025<\/li>\n<\/ol>\n<p style=\"text-align: justify;\"><strong>\u00a0D\u00f4le\u017eit\u00e9 term\u00edny:<\/strong><\/p>\n<ul style=\"text-align: justify;\">\n<li>Term\u00edn odovzdania nomin\u00e1ci\u00ed je <strong>od<\/strong> <strong>27. janu\u00e1ra do 24. febru\u00e1ra 2025<\/strong><\/li>\n<li>Hlasovanie bude prebieha\u0165 <strong>od<\/strong> <strong>3. marca do 11. apr\u00edla 2025<\/strong><\/li>\n<li style=\"text-align: justify;\">Vyhl\u00e1senie v\u00fdsledkov s\u00fa\u0165a\u017ee bude <strong> apr\u00edla 2025 o\u00a016.00 hod. v\u00a0Krajskej kni\u017enici v\u00a0\u017diline<\/strong><\/li>\n<\/ul>\n","protected":false},"excerpt":{"rendered":"<p>Krajsk\u00e1 kni\u017enica v\u00a0\u017diline v\u00a0zria\u010fovate\u013eskej p\u00f4sobnosti \u017dilinsk\u00e9ho samospr\u00e1vneho kraja v\u00a0spolupr\u00e1ci s region\u00e1lnymi novinami MY \u017dilina ako hlavn\u00fdm medi\u00e1lnym partnerom a\u00a0\u010fal\u0161\u00edmi partnermi: \u017dilinak, mojtyzden.sk a\u00a0Kni\u017en\u00e1 revue, vyhlasuje 19. ro\u010dn\u00edk \u010ditate\u013eskej s\u00fa\u0165a\u017ee Kniha Horn\u00e9ho Pova\u017eia 2024. Cie\u013eom s\u00fa\u0165a\u017ee je predstavi\u0165 verejnosti tvorbu a osobnosti autorov \u017eij\u00facich a p\u00f4sobiacich v regi\u00f3ne Horn\u00e9 Pova\u017eie. Nominova\u0165 knihy m\u00f4\u017ee \u010ditate\u013esk\u00e1 verejnos\u0165, autori, &#8230; <a title=\"Kniha Horn\u00e9ho Pova\u017eia 2024\" class=\"read-more\" href=\"https:\/\/www.krajskakniznicazilina.sk\/index.php\/2025\/01\/16\/kniha-horneho-povazia-2024\/\" aria-label=\"Pre\u010d\u00edtajte si viac o Kniha Horn\u00e9ho Pova\u017eia 2024\">\u010c\u00edta\u0165 viac<\/a><\/p>\n","protected":false},"author":1,"featured_media":0,"comment_status":"open","ping_status":"open","sticky":false,"template":"","format":"image","meta":{"footnotes":""},"categories":[40,16],"tags":[],"class_list":["post-14262","post","type-post","status-publish","format-image","hentry","category-kniha-horneho-povazia","category-sutaz","post_format-post-format-image"],"_links":{"self":[{"href":"https:\/\/www.krajskakniznicazilina.sk\/index.php\/wp-json\/wp\/v2\/posts\/14262","targetHints":{"allow":["GET"]}}],"collection":[{"href":"https:\/\/www.krajskakniznicazilina.sk\/index.php\/wp-json\/wp\/v2\/posts"}],"about":[{"href":"https:\/\/www.krajskakniznicazilina.sk\/index.php\/wp-json\/wp\/v2\/types\/post"}],"author":[{"embeddable":true,"href":"https:\/\/www.krajskakniznicazilina.sk\/index.php\/wp-json\/wp\/v2\/users\/1"}],"replies":[{"embeddable":true,"href":"https:\/\/www.krajskakniznicazilina.sk\/index.php\/wp-json\/wp\/v2\/comments?post=14262"}],"version-history":[{"count":6,"href":"https:\/\/www.krajskakniznicazilina.sk\/index.php\/wp-json\/wp\/v2\/posts\/14262\/revisions"}],"predecessor-version":[{"id":14269,"href":"https:\/\/www.krajskakniznicazilina.sk\/index.php\/wp-json\/wp\/v2\/posts\/14262\/revisions\/14269"}],"wp:attachment":[{"href":"https:\/\/www.krajskakniznicazilina.sk\/index.php\/wp-json\/wp\/v2\/media?parent=14262"}],"wp:term":[{"taxonomy":"category","embeddable":true,"href":"https:\/\/www.krajskakniznicazilina.sk\/index.php\/wp-json\/wp\/v2\/categories?post=14262"},{"taxonomy":"post_tag","embeddable":true,"href":"https:\/\/www.krajskakniznicazilina.sk\/index.php\/wp-json\/wp\/v2\/tags?post=14262"}],"curies":[{"name":"wp","href":"https:\/\/api.w.org\/{rel}","templated":true}]}}