{"id":14328,"date":"2025-01-17T07:03:52","date_gmt":"2025-01-17T06:03:52","guid":{"rendered":"https:\/\/www.krajskakniznicazilina.sk\/?p=14328"},"modified":"2025-01-16T10:53:28","modified_gmt":"2025-01-16T09:53:28","slug":"tvoja-spravna-volba-2","status":"publish","type":"post","link":"https:\/\/www.krajskakniznicazilina.sk\/index.php\/2025\/01\/17\/tvoja-spravna-volba-2\/","title":{"rendered":"Tvoja spr\u00e1vna vo\u013eba"},"content":{"rendered":"<p style=\"text-align: justify;\"><a href=\"https:\/\/www.krajskakniznicazilina.sk\/clanky\/2025\/03\/tvoja%20spr%C3%A1vna%20vo%C4%BEba.jpg\"><img decoding=\"async\" class=\"alignleft size-full\" src=\"https:\/\/www.krajskakniznicazilina.sk\/clanky\/2025\/03\/tvoja%20spr%C3%A1vna%20vo%C4%BEba.jpg\" alt=\"plag\u00e1t\" width=\"35%\" height=\"35%\" \/><\/a>Mestsk\u00e1 pol\u00edcia v \u017diline, Krajsk\u00e9 riadite\u013estvo policajn\u00e9ho zboru v \u017diline, Region\u00e1lny \u00farad verejn\u00e9ho zdravotn\u00edctva v \u017diline a Krajsk\u00e1 kni\u017enica v \u017diline sa op\u00e4\u0165 spojili, aby pokra\u010dovali v projekte <strong>Tvoja spr\u00e1vna vo\u013eba.<\/strong><\/p>\n<p style=\"text-align: justify;\">Projekt je zameran\u00fd na prevenciu kriminality, patologick\u00fdch javov, zneu\u017e\u00edvaniu psychotropn\u00fdch a omamn\u00fdch l\u00e1tok. Je postaven\u00fd tak, aby zaujal a odovzdal inform\u00e1cie \u017eiakom 3. a\u00a04. ro\u010dn\u00edkov z\u00e1kladn\u00fdch \u0161k\u00f4l. Pomocou interakt\u00edvnych tabuli sa \u017eiaci m\u00f4\u017eu dozvedie\u0165 mno\u017estvo potrebn\u00fdch inform\u00e1cii, ale aj poveda\u0165 k tomu svoj detsk\u00fd n\u00e1zor.<\/p>\n<p style=\"text-align: justify;\">Podujatia sa uskuto\u010dnia v priestoroch Krajskej kni\u017enice v \u017diline <strong>od 13. marca do 29. apr\u00edla 2025<\/strong>, v\u017edy po\u010das <strong>utorkov<\/strong> a\u00a0<strong>\u0161tvrtkov,<\/strong> v \u010dase od <strong>9:00 <\/strong>a<strong> o 11:00. <\/strong>D\u013a\u017eka podujatia je cca 90 min\u00fat. Podujatia s\u00fa len pre organizovan\u00e9 kolekt\u00edvy.<\/p>\n<p style=\"text-align: justify;\">Na podujatia je <strong>potrebn\u00e9 sa<\/strong> <strong>vopred prihl\u00e1si\u0165<\/strong> e-mailom:<strong> <a href=\"mailto:podujatia@krajskakniznicazilina.sk\">podujatia@krajskakniznicazilina.sk<\/a><\/strong>, alebo telefonicky: <strong>0948 363 062<\/strong> (p.Neslu\u0161anov\u00e1).<\/p>\n<p style=\"text-align: justify;\">Ver\u00edme, \u017ee na\u0161\u00edm spolo\u010dn\u00fdm \u00fasil\u00edm je prispie\u0165 k zn\u00ed\u017eeniu kriminality det\u00ed a ml\u00e1de\u017ee. Te\u0161\u00edme sa na Va\u0161u \u00fa\u010das\u0165!<\/p>\n","protected":false},"excerpt":{"rendered":"<p>Mestsk\u00e1 pol\u00edcia v \u017diline, Krajsk\u00e9 riadite\u013estvo policajn\u00e9ho zboru v \u017diline, Region\u00e1lny \u00farad verejn\u00e9ho zdravotn\u00edctva v \u017diline a Krajsk\u00e1 kni\u017enica v \u017diline sa op\u00e4\u0165 spojili, aby pokra\u010dovali v projekte Tvoja spr\u00e1vna vo\u013eba. Projekt je zameran\u00fd na prevenciu kriminality, patologick\u00fdch javov, zneu\u017e\u00edvaniu psychotropn\u00fdch a omamn\u00fdch l\u00e1tok. Je postaven\u00fd tak, aby zaujal a odovzdal inform\u00e1cie \u017eiakom 3. a\u00a04. &#8230; <a title=\"Tvoja spr\u00e1vna vo\u013eba\" class=\"read-more\" href=\"https:\/\/www.krajskakniznicazilina.sk\/index.php\/2025\/01\/17\/tvoja-spravna-volba-2\/\" aria-label=\"Pre\u010d\u00edtajte si viac o Tvoja spr\u00e1vna vo\u013eba\">\u010c\u00edta\u0165 viac<\/a><\/p>\n","protected":false},"author":1,"featured_media":0,"comment_status":"open","ping_status":"open","sticky":false,"template":"","format":"image","meta":{"footnotes":""},"categories":[12],"tags":[],"class_list":["post-14328","post","type-post","status-publish","format-image","hentry","category-podujatie","post_format-post-format-image"],"_links":{"self":[{"href":"https:\/\/www.krajskakniznicazilina.sk\/index.php\/wp-json\/wp\/v2\/posts\/14328","targetHints":{"allow":["GET"]}}],"collection":[{"href":"https:\/\/www.krajskakniznicazilina.sk\/index.php\/wp-json\/wp\/v2\/posts"}],"about":[{"href":"https:\/\/www.krajskakniznicazilina.sk\/index.php\/wp-json\/wp\/v2\/types\/post"}],"author":[{"embeddable":true,"href":"https:\/\/www.krajskakniznicazilina.sk\/index.php\/wp-json\/wp\/v2\/users\/1"}],"replies":[{"embeddable":true,"href":"https:\/\/www.krajskakniznicazilina.sk\/index.php\/wp-json\/wp\/v2\/comments?post=14328"}],"version-history":[{"count":3,"href":"https:\/\/www.krajskakniznicazilina.sk\/index.php\/wp-json\/wp\/v2\/posts\/14328\/revisions"}],"predecessor-version":[{"id":14331,"href":"https:\/\/www.krajskakniznicazilina.sk\/index.php\/wp-json\/wp\/v2\/posts\/14328\/revisions\/14331"}],"wp:attachment":[{"href":"https:\/\/www.krajskakniznicazilina.sk\/index.php\/wp-json\/wp\/v2\/media?parent=14328"}],"wp:term":[{"taxonomy":"category","embeddable":true,"href":"https:\/\/www.krajskakniznicazilina.sk\/index.php\/wp-json\/wp\/v2\/categories?post=14328"},{"taxonomy":"post_tag","embeddable":true,"href":"https:\/\/www.krajskakniznicazilina.sk\/index.php\/wp-json\/wp\/v2\/tags?post=14328"}],"curies":[{"name":"wp","href":"https:\/\/api.w.org\/{rel}","templated":true}]}}