{"id":14350,"date":"2025-02-06T11:28:50","date_gmt":"2025-02-06T10:28:50","guid":{"rendered":"https:\/\/www.krajskakniznicazilina.sk\/?p=14350"},"modified":"2025-02-18T17:03:38","modified_gmt":"2025-02-18T16:03:38","slug":"zo-zivota-kniznice-1924-2024","status":"publish","type":"post","link":"https:\/\/www.krajskakniznicazilina.sk\/index.php\/2025\/02\/06\/zo-zivota-kniznice-1924-2024\/","title":{"rendered":"Zo \u017eivota kni\u017enice (1924-2024)"},"content":{"rendered":"<p style=\"text-align: justify;\"><a href=\"https:\/\/www.krajskakniznicazilina.sk\/wp-content\/uploads\/2025\/02\/zo-\u017eivota-kni\u017enice-TSK-scaled.jpg\"><img decoding=\"async\" class=\"size-medium wp-image-14554 alignleft\" src=\"https:\/\/www.krajskakniznicazilina.sk\/wp-content\/uploads\/2025\/02\/zo-\u017eivota-kni\u017enice-TSK-300x212.jpg\" alt=\"plag\u00e1t\" width=\"40%\" height=\"40%\" \/><\/a>Chcete sa dozvedie\u0165 viac o kni\u017enici zo z\u00e1kulisia? O tom, ako to bolo kedysi a dnes? V r\u00e1mci T\u00fd\u017ed\u0148a slovensk\u00fdch kni\u017en\u00edc v\u00e1s poz\u00fdvame sledova\u0165 humorno-report\u00e1\u017eny film kr\u00e1tkeho form\u00e1tu o na\u0161ej kni\u017enici. Dozviete sa viac o vzniku, hist\u00f3rii a premen\u00e1ch kni\u017enice &#8211; \u010di u\u017e jej priestorov, alebo slu\u017eieb. M\u00f4\u017eete sa te\u0161i\u0165 aj na z\u00e1kulisn\u00e9 rozhovory s pracovn\u00edkmi ka\u017ed\u00e9ho oddelenia a utvrd\u00edte sa v tom, \u017ee kni\u017enica v\u00e1m vie pon\u00faknu\u0165 ove\u013ea viac ne\u017e len kni\u017eky. Film budeme premieta\u0165 po\u010das T\u00fd\u017ed\u0148a slovensk\u00fdch kni\u017en\u00edc, <strong>ka\u017ed\u00fd de\u0148 od 3. do 7. marca od 16:00 do 18:00,<\/strong> v Krajskej kni\u017enici v \u017diline.<\/p>\n","protected":false},"excerpt":{"rendered":"<p>Chcete sa dozvedie\u0165 viac o kni\u017enici zo z\u00e1kulisia? O tom, ako to bolo kedysi a dnes? V r\u00e1mci T\u00fd\u017ed\u0148a slovensk\u00fdch kni\u017en\u00edc v\u00e1s poz\u00fdvame sledova\u0165 humorno-report\u00e1\u017eny film kr\u00e1tkeho form\u00e1tu o na\u0161ej kni\u017enici. Dozviete sa viac o vzniku, hist\u00f3rii a premen\u00e1ch kni\u017enice &#8211; \u010di u\u017e jej priestorov, alebo slu\u017eieb. M\u00f4\u017eete sa te\u0161i\u0165 aj na z\u00e1kulisn\u00e9 rozhovory s &#8230; <a title=\"Zo \u017eivota kni\u017enice (1924-2024)\" class=\"read-more\" href=\"https:\/\/www.krajskakniznicazilina.sk\/index.php\/2025\/02\/06\/zo-zivota-kniznice-1924-2024\/\" aria-label=\"Pre\u010d\u00edtajte si viac o Zo \u017eivota kni\u017enice (1924-2024)\">\u010c\u00edta\u0165 viac<\/a><\/p>\n","protected":false},"author":1,"featured_media":0,"comment_status":"open","ping_status":"open","sticky":false,"template":"","format":"image","meta":{"footnotes":""},"categories":[1,12,44],"tags":[],"class_list":["post-14350","post","type-post","status-publish","format-image","hentry","category-oznam","category-podujatie","category-video","post_format-post-format-image"],"_links":{"self":[{"href":"https:\/\/www.krajskakniznicazilina.sk\/index.php\/wp-json\/wp\/v2\/posts\/14350","targetHints":{"allow":["GET"]}}],"collection":[{"href":"https:\/\/www.krajskakniznicazilina.sk\/index.php\/wp-json\/wp\/v2\/posts"}],"about":[{"href":"https:\/\/www.krajskakniznicazilina.sk\/index.php\/wp-json\/wp\/v2\/types\/post"}],"author":[{"embeddable":true,"href":"https:\/\/www.krajskakniznicazilina.sk\/index.php\/wp-json\/wp\/v2\/users\/1"}],"replies":[{"embeddable":true,"href":"https:\/\/www.krajskakniznicazilina.sk\/index.php\/wp-json\/wp\/v2\/comments?post=14350"}],"version-history":[{"count":4,"href":"https:\/\/www.krajskakniznicazilina.sk\/index.php\/wp-json\/wp\/v2\/posts\/14350\/revisions"}],"predecessor-version":[{"id":14635,"href":"https:\/\/www.krajskakniznicazilina.sk\/index.php\/wp-json\/wp\/v2\/posts\/14350\/revisions\/14635"}],"wp:attachment":[{"href":"https:\/\/www.krajskakniznicazilina.sk\/index.php\/wp-json\/wp\/v2\/media?parent=14350"}],"wp:term":[{"taxonomy":"category","embeddable":true,"href":"https:\/\/www.krajskakniznicazilina.sk\/index.php\/wp-json\/wp\/v2\/categories?post=14350"},{"taxonomy":"post_tag","embeddable":true,"href":"https:\/\/www.krajskakniznicazilina.sk\/index.php\/wp-json\/wp\/v2\/tags?post=14350"}],"curies":[{"name":"wp","href":"https:\/\/api.w.org\/{rel}","templated":true}]}}