{"id":14359,"date":"2025-01-21T07:02:03","date_gmt":"2025-01-21T06:02:03","guid":{"rendered":"https:\/\/www.krajskakniznicazilina.sk\/?p=14359"},"modified":"2025-01-20T12:25:27","modified_gmt":"2025-01-20T11:25:27","slug":"zaklady-sitia-na-sijacom-stroji","status":"publish","type":"post","link":"https:\/\/www.krajskakniznicazilina.sk\/index.php\/2025\/01\/21\/zaklady-sitia-na-sijacom-stroji\/","title":{"rendered":"Z\u00e1klady \u0161itia na \u0161ijacom stroji"},"content":{"rendered":"<p style=\"text-align: justify;\"><a href=\"https:\/\/www.krajskakniznicazilina.sk\/clanky\/2025\/02\/z%C3%A1klady%20%C5%A1itia.jpg\"><img decoding=\"async\" class=\"alignleft size-full\" src=\"https:\/\/www.krajskakniznicazilina.sk\/clanky\/2025\/02\/z%C3%A1klady%20%C5%A1itia.jpg\" alt=\"plag\u00e1t\" width=\"40%\" height=\"40%\" \/><\/a>Viete, \u010do dok\u00e1\u017ee \u0161ijac\u00ed stroj? V Krajskej kni\u017enici v\u00a0\u017diline si v\u00a0sobotu <strong>1. febru\u00e1ra o\u00a010:00<\/strong> spolo\u010dne uk\u00e1\u017eeme pr\u00e1ce na \u0161ijacom stroji tak, aby ste mohli aj doma \u0161i\u0165 bez stresu. Predvedieme v\u00e1m z\u00e1kladn\u00e9 nastavenia, obsluhu a mo\u017enosti strojov\u00e9ho \u0161itia. Na podujatie je nutn\u00e9 sa vopred <strong>prihl\u00e1si\u0165<\/strong> cez formul\u00e1r:\u00a0<strong><a href=\"https:\/\/forms.gle\/3ZxLBw6L6Jtwc5Uh6\">https:\/\/forms.gle\/3ZxLBw6L6Jtwc5Uh6<\/a><\/strong>. \u0160ijacie stroje m\u00e1me k dispoz\u00edcii, sta\u010d\u00ed ma\u0165 len platn\u00fd \u010ditate\u013esk\u00fd preukaz v Krajskej kni\u017enici v \u017diline. Podujatie je vhodn\u00e9 pre z\u00e1ujemcov <span style=\"text-decoration: underline;\">od 15 rokov<\/span>.<\/p>\n","protected":false},"excerpt":{"rendered":"<p>Viete, \u010do dok\u00e1\u017ee \u0161ijac\u00ed stroj? V Krajskej kni\u017enici v\u00a0\u017diline si v\u00a0sobotu 1. febru\u00e1ra o\u00a010:00 spolo\u010dne uk\u00e1\u017eeme pr\u00e1ce na \u0161ijacom stroji tak, aby ste mohli aj doma \u0161i\u0165 bez stresu. Predvedieme v\u00e1m z\u00e1kladn\u00e9 nastavenia, obsluhu a mo\u017enosti strojov\u00e9ho \u0161itia. Na podujatie je nutn\u00e9 sa vopred prihl\u00e1si\u0165 cez formul\u00e1r:\u00a0https:\/\/forms.gle\/3ZxLBw6L6Jtwc5Uh6. \u0160ijacie stroje m\u00e1me k dispoz\u00edcii, sta\u010d\u00ed ma\u0165 len &#8230; <a title=\"Z\u00e1klady \u0161itia na \u0161ijacom stroji\" class=\"read-more\" href=\"https:\/\/www.krajskakniznicazilina.sk\/index.php\/2025\/01\/21\/zaklady-sitia-na-sijacom-stroji\/\" aria-label=\"Pre\u010d\u00edtajte si viac o Z\u00e1klady \u0161itia na \u0161ijacom stroji\">\u010c\u00edta\u0165 viac<\/a><\/p>\n","protected":false},"author":1,"featured_media":0,"comment_status":"open","ping_status":"open","sticky":false,"template":"","format":"image","meta":{"footnotes":""},"categories":[26,12,20],"tags":[],"class_list":["post-14359","post","type-post","status-publish","format-image","hentry","category-kurz","category-podujatie","category-workshop","post_format-post-format-image"],"_links":{"self":[{"href":"https:\/\/www.krajskakniznicazilina.sk\/index.php\/wp-json\/wp\/v2\/posts\/14359","targetHints":{"allow":["GET"]}}],"collection":[{"href":"https:\/\/www.krajskakniznicazilina.sk\/index.php\/wp-json\/wp\/v2\/posts"}],"about":[{"href":"https:\/\/www.krajskakniznicazilina.sk\/index.php\/wp-json\/wp\/v2\/types\/post"}],"author":[{"embeddable":true,"href":"https:\/\/www.krajskakniznicazilina.sk\/index.php\/wp-json\/wp\/v2\/users\/1"}],"replies":[{"embeddable":true,"href":"https:\/\/www.krajskakniznicazilina.sk\/index.php\/wp-json\/wp\/v2\/comments?post=14359"}],"version-history":[{"count":2,"href":"https:\/\/www.krajskakniznicazilina.sk\/index.php\/wp-json\/wp\/v2\/posts\/14359\/revisions"}],"predecessor-version":[{"id":14361,"href":"https:\/\/www.krajskakniznicazilina.sk\/index.php\/wp-json\/wp\/v2\/posts\/14359\/revisions\/14361"}],"wp:attachment":[{"href":"https:\/\/www.krajskakniznicazilina.sk\/index.php\/wp-json\/wp\/v2\/media?parent=14359"}],"wp:term":[{"taxonomy":"category","embeddable":true,"href":"https:\/\/www.krajskakniznicazilina.sk\/index.php\/wp-json\/wp\/v2\/categories?post=14359"},{"taxonomy":"post_tag","embeddable":true,"href":"https:\/\/www.krajskakniznicazilina.sk\/index.php\/wp-json\/wp\/v2\/tags?post=14359"}],"curies":[{"name":"wp","href":"https:\/\/api.w.org\/{rel}","templated":true}]}}