{"id":14403,"date":"2025-02-03T07:00:57","date_gmt":"2025-02-03T06:00:57","guid":{"rendered":"https:\/\/www.krajskakniznicazilina.sk\/?p=14403"},"modified":"2025-01-28T14:00:17","modified_gmt":"2025-01-28T13:00:17","slug":"podvodne-konanie-na-senioroch","status":"publish","type":"post","link":"https:\/\/www.krajskakniznicazilina.sk\/index.php\/2025\/02\/03\/podvodne-konanie-na-senioroch\/","title":{"rendered":"Podvodn\u00e9 konanie na senioroch"},"content":{"rendered":"<p style=\"text-align: justify;\"><a href=\"https:\/\/www.krajskakniznicazilina.sk\/wp-content\/uploads\/2025\/01\/podvodn\u00e9-konanie-na-senioroch-17.2.-scaled.jpg\"><img decoding=\"async\" class=\"alignright size-full wp-image-14404\" src=\"https:\/\/www.krajskakniznicazilina.sk\/wp-content\/uploads\/2025\/01\/podvodn\u00e9-konanie-na-senioroch-17.2.-scaled.jpg\" alt=\"\" width=\"40%\" height=\"40%\" \/><\/a>Viete, \u017ee pr\u00e1ve seniori vzh\u013eadom na svoj vek, ich dobrosrde\u010dnos\u0165 a bezbrannos\u0165 sa st\u00e1vaj\u00fa obe\u0165ami r\u00f4znych podvodov a kr\u00e1de\u017e\u00ed?\u00a0 Chceli by ste sa dozvedie\u0165 viac o tom, ako komunikova\u0165 s cudz\u00edmi \u013eu\u010fmi a nesta\u0165 sa obe\u0165ami podvodn\u00edkov a zlodejov? Viete, ako sa br\u00e1ni\u0165 podvodom v kyberpriestore?<\/p>\n<p style=\"text-align: justify;\">V spolupr\u00e1ci s Krajsk\u00fdm riadite\u013estvom policajn\u00e9ho zboru v \u017diline poz\u00fdvame seniorov na prevent\u00edvnu predn\u00e1\u0161ku <strong>v pondelok 17. febru\u00e1ra o 13:00 do Krajskej kni\u017enice v \u017diline.<\/strong> T\u00e9mou bude podvodn\u00e9 konanie na senioroch a bezpe\u010dne v kyberpriestore. Na z\u00e1ver podujatia bude vo\u013en\u00e1 diskusia. Podujatie je bezplatn\u00e9 a vstup je vo\u013en\u00fd.<\/p>\n","protected":false},"excerpt":{"rendered":"<p>Viete, \u017ee pr\u00e1ve seniori vzh\u013eadom na svoj vek, ich dobrosrde\u010dnos\u0165 a bezbrannos\u0165 sa st\u00e1vaj\u00fa obe\u0165ami r\u00f4znych podvodov a kr\u00e1de\u017e\u00ed?\u00a0 Chceli by ste sa dozvedie\u0165 viac o tom, ako komunikova\u0165 s cudz\u00edmi \u013eu\u010fmi a nesta\u0165 sa obe\u0165ami podvodn\u00edkov a zlodejov? Viete, ako sa br\u00e1ni\u0165 podvodom v kyberpriestore? V spolupr\u00e1ci s Krajsk\u00fdm riadite\u013estvom policajn\u00e9ho zboru v \u017diline &#8230; <a title=\"Podvodn\u00e9 konanie na senioroch\" class=\"read-more\" href=\"https:\/\/www.krajskakniznicazilina.sk\/index.php\/2025\/02\/03\/podvodne-konanie-na-senioroch\/\" aria-label=\"Pre\u010d\u00edtajte si viac o Podvodn\u00e9 konanie na senioroch\">\u010c\u00edta\u0165 viac<\/a><\/p>\n","protected":false},"author":1,"featured_media":0,"comment_status":"open","ping_status":"open","sticky":false,"template":"","format":"image","meta":{"footnotes":""},"categories":[12,22],"tags":[],"class_list":["post-14403","post","type-post","status-publish","format-image","hentry","category-podujatie","category-prednaska","post_format-post-format-image"],"_links":{"self":[{"href":"https:\/\/www.krajskakniznicazilina.sk\/index.php\/wp-json\/wp\/v2\/posts\/14403","targetHints":{"allow":["GET"]}}],"collection":[{"href":"https:\/\/www.krajskakniznicazilina.sk\/index.php\/wp-json\/wp\/v2\/posts"}],"about":[{"href":"https:\/\/www.krajskakniznicazilina.sk\/index.php\/wp-json\/wp\/v2\/types\/post"}],"author":[{"embeddable":true,"href":"https:\/\/www.krajskakniznicazilina.sk\/index.php\/wp-json\/wp\/v2\/users\/1"}],"replies":[{"embeddable":true,"href":"https:\/\/www.krajskakniznicazilina.sk\/index.php\/wp-json\/wp\/v2\/comments?post=14403"}],"version-history":[{"count":3,"href":"https:\/\/www.krajskakniznicazilina.sk\/index.php\/wp-json\/wp\/v2\/posts\/14403\/revisions"}],"predecessor-version":[{"id":14408,"href":"https:\/\/www.krajskakniznicazilina.sk\/index.php\/wp-json\/wp\/v2\/posts\/14403\/revisions\/14408"}],"wp:attachment":[{"href":"https:\/\/www.krajskakniznicazilina.sk\/index.php\/wp-json\/wp\/v2\/media?parent=14403"}],"wp:term":[{"taxonomy":"category","embeddable":true,"href":"https:\/\/www.krajskakniznicazilina.sk\/index.php\/wp-json\/wp\/v2\/categories?post=14403"},{"taxonomy":"post_tag","embeddable":true,"href":"https:\/\/www.krajskakniznicazilina.sk\/index.php\/wp-json\/wp\/v2\/tags?post=14403"}],"curies":[{"name":"wp","href":"https:\/\/api.w.org\/{rel}","templated":true}]}}