{"id":14466,"date":"2025-02-03T10:20:55","date_gmt":"2025-02-03T09:20:55","guid":{"rendered":"https:\/\/www.krajskakniznicazilina.sk\/?p=14466"},"modified":"2025-02-21T12:21:35","modified_gmt":"2025-02-21T11:21:35","slug":"2-nominacie-na-knihu-horneho-povazia-2024","status":"publish","type":"post","link":"https:\/\/www.krajskakniznicazilina.sk\/index.php\/2025\/02\/03\/2-nominacie-na-knihu-horneho-povazia-2024\/","title":{"rendered":"2. nomin\u00e1cie na Knihu Horn\u00e9ho Pova\u017eia 2024"},"content":{"rendered":"<p>Do 24. febru\u00e1ra 2025 m\u00e1te mo\u017enos\u0165 nominova\u0165 knihy do s\u00fa\u0165a\u017ee Kniha Horn\u00e9ho Pova\u017eia 2024 \u2013 <a href=\"https:\/\/www.krajskakniznicazilina.sk\/menu\/prekniz\/knihaHP\/khpNL.pdf\">nomina\u010dn\u00fd list<\/a>. Nominovan\u00e9 m\u00f4\u017eu by\u0165 knihy, ktor\u00e9 boli vydan\u00e9 v roku 2024, s\u00fa sp\u00e4t\u00e9 s regi\u00f3nom Horn\u00e9ho Pova\u017eia tematicky alebo osobou autora textovej \u010di obrazovej \u010dasti a bolo im pridelen\u00e9 ISBN (<a href=\"https:\/\/www.krajskakniznicazilina.sk\/menu\/prekniz\/knihaHP\/khp2024prav.pdf\">pravidl\u00e1 s\u00fa\u0165a\u017ee<\/a>).<\/p>\n<p><strong><a href=\"https:\/\/www.krajskakniznicazilina.sk\/wp-content\/uploads\/2025\/01\/1738324530351-scaled.jpg\"><img decoding=\"async\" class=\"size-medium wp-image-14464 alignleft\" src=\"https:\/\/www.krajskakniznicazilina.sk\/wp-content\/uploads\/2025\/01\/1738324530351-300x225.jpg\" alt=\"\" width=\"50%%\" height=\"50%\" \/><\/a>Online nomina\u010dn\u00fd list<\/strong> m\u00f4\u017eete vyplni\u0165 na tejto adrese: <a href=\"https:\/\/forms.gle\/SNLLDcnvZHV8sYvP8\">https:\/\/forms.gle\/SNLLDcnvZHV8sYvP8<\/a><\/p>\n<p>Aktu\u00e1lne s\u00fa nominovan\u00e9 (<a href=\"https:\/\/www.krajskakniznicazilina.sk\/wp-content\/uploads\/2025\/01\/2.-nomin\u00e1cie-KHP-2024.docx.pdf\">nominovan\u00e9 knihy<\/a>):<\/p>\n<ul>\n<li>Mi\u0148o Tich\u00fd &#8211; Mra\u010dn\u00e1 nad \u017dilinou<\/li>\n<li>Lucia Saskov\u00e1 &#8211; Trin\u00e1sta<\/li>\n<li>Peter \u0160tansk\u00fd, Juraj V\u00e1\u0148a &#8211; Fakultn\u00e1 nemocnica s poliklinikou \u017dilina: hist\u00f3ria a s\u00fa\u010dasnos\u0165<\/li>\n<li>Zostavila Zuzana Kudzbelov\u00e1 &#8211; Hrad Stre\u010dno \/ Stre\u010dno Castle<\/li>\n<li>N\u00e1rodn\u00e1 kalend\u00e1r 2025<\/li>\n<li>Milan G\u00e1bik &#8211; TESLA ORAVA a po\u010d\u00edta\u010de RPP 16<\/li>\n<\/ul>\n<p>&nbsp;<\/p>\n<p>Vide\u00e1 kn\u00edh z 2. nomin\u00e1ci\u00ed:<\/p>\n<ul>\n<li><a href=\"https:\/\/www.instagram.com\/kniznicazilina\/\">https:\/\/www.instagram.com\/kniznicazilina\/<\/a><\/li>\n<li><a href=\"https:\/\/www.facebook.com\/krajskakniznicazilina\/\">https:\/\/www.facebook.com\/krajskakniznicazilina\/<\/a><\/li>\n<li><a href=\"https:\/\/www.youtube.com\/@krajskakniznicavziline\/shorts\">https:\/\/www.youtube.com\/@krajskakniznicavziline\/shorts<\/a><\/li>\n<\/ul>\n","protected":false},"excerpt":{"rendered":"<p>Do 24. febru\u00e1ra 2025 m\u00e1te mo\u017enos\u0165 nominova\u0165 knihy do s\u00fa\u0165a\u017ee Kniha Horn\u00e9ho Pova\u017eia 2024 \u2013 nomina\u010dn\u00fd list. Nominovan\u00e9 m\u00f4\u017eu by\u0165 knihy, ktor\u00e9 boli vydan\u00e9 v roku 2024, s\u00fa sp\u00e4t\u00e9 s regi\u00f3nom Horn\u00e9ho Pova\u017eia tematicky alebo osobou autora textovej \u010di obrazovej \u010dasti a bolo im pridelen\u00e9 ISBN (pravidl\u00e1 s\u00fa\u0165a\u017ee). Online nomina\u010dn\u00fd list m\u00f4\u017eete vyplni\u0165 na tejto &#8230; <a title=\"2. nomin\u00e1cie na Knihu Horn\u00e9ho Pova\u017eia 2024\" class=\"read-more\" href=\"https:\/\/www.krajskakniznicazilina.sk\/index.php\/2025\/02\/03\/2-nominacie-na-knihu-horneho-povazia-2024\/\" aria-label=\"Pre\u010d\u00edtajte si viac o 2. nomin\u00e1cie na Knihu Horn\u00e9ho Pova\u017eia 2024\">\u010c\u00edta\u0165 viac<\/a><\/p>\n","protected":false},"author":1,"featured_media":0,"comment_status":"open","ping_status":"open","sticky":false,"template":"","format":"image","meta":{"footnotes":""},"categories":[40,16],"tags":[],"class_list":["post-14466","post","type-post","status-publish","format-image","hentry","category-kniha-horneho-povazia","category-sutaz","post_format-post-format-image"],"_links":{"self":[{"href":"https:\/\/www.krajskakniznicazilina.sk\/index.php\/wp-json\/wp\/v2\/posts\/14466","targetHints":{"allow":["GET"]}}],"collection":[{"href":"https:\/\/www.krajskakniznicazilina.sk\/index.php\/wp-json\/wp\/v2\/posts"}],"about":[{"href":"https:\/\/www.krajskakniznicazilina.sk\/index.php\/wp-json\/wp\/v2\/types\/post"}],"author":[{"embeddable":true,"href":"https:\/\/www.krajskakniznicazilina.sk\/index.php\/wp-json\/wp\/v2\/users\/1"}],"replies":[{"embeddable":true,"href":"https:\/\/www.krajskakniznicazilina.sk\/index.php\/wp-json\/wp\/v2\/comments?post=14466"}],"version-history":[{"count":7,"href":"https:\/\/www.krajskakniznicazilina.sk\/index.php\/wp-json\/wp\/v2\/posts\/14466\/revisions"}],"predecessor-version":[{"id":14669,"href":"https:\/\/www.krajskakniznicazilina.sk\/index.php\/wp-json\/wp\/v2\/posts\/14466\/revisions\/14669"}],"wp:attachment":[{"href":"https:\/\/www.krajskakniznicazilina.sk\/index.php\/wp-json\/wp\/v2\/media?parent=14466"}],"wp:term":[{"taxonomy":"category","embeddable":true,"href":"https:\/\/www.krajskakniznicazilina.sk\/index.php\/wp-json\/wp\/v2\/categories?post=14466"},{"taxonomy":"post_tag","embeddable":true,"href":"https:\/\/www.krajskakniznicazilina.sk\/index.php\/wp-json\/wp\/v2\/tags?post=14466"}],"curies":[{"name":"wp","href":"https:\/\/api.w.org\/{rel}","templated":true}]}}