{"id":14590,"date":"2025-02-19T10:19:20","date_gmt":"2025-02-19T09:19:20","guid":{"rendered":"https:\/\/www.krajskakniznicazilina.sk\/?p=14590"},"modified":"2025-03-03T09:26:55","modified_gmt":"2025-03-03T08:26:55","slug":"kniha-horneho-povazia-2024-vystava","status":"publish","type":"post","link":"https:\/\/www.krajskakniznicazilina.sk\/index.php\/2025\/02\/19\/kniha-horneho-povazia-2024-vystava\/","title":{"rendered":"Kniha Horn\u00e9ho Pova\u017eia 2024 &#8211; v\u00fdstava"},"content":{"rendered":"<p style=\"text-align: justify;\"><a href=\"https:\/\/www.krajskakniznicazilina.sk\/wp-content\/uploads\/2025\/02\/khp-2024-v\u00fdstava-scaled.jpg\"><img decoding=\"async\" class=\"size-medium wp-image-14659 alignright\" src=\"https:\/\/www.krajskakniznicazilina.sk\/wp-content\/uploads\/2025\/02\/khp-2024-v\u00fdstava-212x300.jpg\" alt=\"\" width=\"35%\" height=\"35%\" \/><\/a>Krajsk\u00e1 kni\u017enica v \u017diline v zria\u010fovate\u013eskej p\u00f4sobnosti \u017dilinsk\u00e9ho samospr\u00e1vneho kraja V\u00e1s poz\u00fdva na v\u00fdstavu, prezent\u00e1ciu a predstavenie nominovan\u00fdch kn\u00edh do \u010ditate\u013eskej s\u00fa\u0165a\u017ee Kniha Horn\u00e9ho Pova\u017eia 2024 po\u010das hlasovania <strong>od 3.3. do 11.4 2025<\/strong>. V\u00fdstava bude in\u0161talovan\u00e1 na Oddelen\u00ed beletrie na pr\u00edzem\u00ed kni\u017enice.<\/p>\n<p style=\"text-align: justify;\">Do s\u00fa\u0165a\u017ee s\u00fa zaraden\u00e9 knihy vydan\u00e9 v roku 2024, s\u00fa sp\u00e4t\u00e9 s regi\u00f3nom Horn\u00e9ho Pova\u017eia tematicky, alebo osobou autora textovej \u010di obrazovej \u010dasti a bolo im pridelen\u00e9 ISBN. Knihy bud\u00fa rozdelen\u00e9 do dvoch s\u00fa\u0165a\u017en\u00fdch kateg\u00f3ri\u00ed: beletria a odborn\u00e1 literat\u00fara.<\/p>\n","protected":false},"excerpt":{"rendered":"<p>Krajsk\u00e1 kni\u017enica v \u017diline v zria\u010fovate\u013eskej p\u00f4sobnosti \u017dilinsk\u00e9ho samospr\u00e1vneho kraja V\u00e1s poz\u00fdva na v\u00fdstavu, prezent\u00e1ciu a predstavenie nominovan\u00fdch kn\u00edh do \u010ditate\u013eskej s\u00fa\u0165a\u017ee Kniha Horn\u00e9ho Pova\u017eia 2024 po\u010das hlasovania od 3.3. do 11.4 2025. V\u00fdstava bude in\u0161talovan\u00e1 na Oddelen\u00ed beletrie na pr\u00edzem\u00ed kni\u017enice. Do s\u00fa\u0165a\u017ee s\u00fa zaraden\u00e9 knihy vydan\u00e9 v roku 2024, s\u00fa sp\u00e4t\u00e9 s regi\u00f3nom &#8230; <a title=\"Kniha Horn\u00e9ho Pova\u017eia 2024 &#8211; v\u00fdstava\" class=\"read-more\" href=\"https:\/\/www.krajskakniznicazilina.sk\/index.php\/2025\/02\/19\/kniha-horneho-povazia-2024-vystava\/\" aria-label=\"Pre\u010d\u00edtajte si viac o Kniha Horn\u00e9ho Pova\u017eia 2024 &#8211; v\u00fdstava\">\u010c\u00edta\u0165 viac<\/a><\/p>\n","protected":false},"author":1,"featured_media":0,"comment_status":"open","ping_status":"open","sticky":false,"template":"","format":"image","meta":{"footnotes":""},"categories":[40,16,15],"tags":[],"class_list":["post-14590","post","type-post","status-publish","format-image","hentry","category-kniha-horneho-povazia","category-sutaz","category-vystava","post_format-post-format-image"],"_links":{"self":[{"href":"https:\/\/www.krajskakniznicazilina.sk\/index.php\/wp-json\/wp\/v2\/posts\/14590","targetHints":{"allow":["GET"]}}],"collection":[{"href":"https:\/\/www.krajskakniznicazilina.sk\/index.php\/wp-json\/wp\/v2\/posts"}],"about":[{"href":"https:\/\/www.krajskakniznicazilina.sk\/index.php\/wp-json\/wp\/v2\/types\/post"}],"author":[{"embeddable":true,"href":"https:\/\/www.krajskakniznicazilina.sk\/index.php\/wp-json\/wp\/v2\/users\/1"}],"replies":[{"embeddable":true,"href":"https:\/\/www.krajskakniznicazilina.sk\/index.php\/wp-json\/wp\/v2\/comments?post=14590"}],"version-history":[{"count":4,"href":"https:\/\/www.krajskakniznicazilina.sk\/index.php\/wp-json\/wp\/v2\/posts\/14590\/revisions"}],"predecessor-version":[{"id":14743,"href":"https:\/\/www.krajskakniznicazilina.sk\/index.php\/wp-json\/wp\/v2\/posts\/14590\/revisions\/14743"}],"wp:attachment":[{"href":"https:\/\/www.krajskakniznicazilina.sk\/index.php\/wp-json\/wp\/v2\/media?parent=14590"}],"wp:term":[{"taxonomy":"category","embeddable":true,"href":"https:\/\/www.krajskakniznicazilina.sk\/index.php\/wp-json\/wp\/v2\/categories?post=14590"},{"taxonomy":"post_tag","embeddable":true,"href":"https:\/\/www.krajskakniznicazilina.sk\/index.php\/wp-json\/wp\/v2\/tags?post=14590"}],"curies":[{"name":"wp","href":"https:\/\/api.w.org\/{rel}","templated":true}]}}