{"id":14629,"date":"2025-02-17T11:56:36","date_gmt":"2025-02-17T10:56:36","guid":{"rendered":"https:\/\/www.krajskakniznicazilina.sk\/?p=14629"},"modified":"2025-02-17T11:56:36","modified_gmt":"2025-02-17T10:56:36","slug":"oznam-o-nedostupnosti-studovne","status":"publish","type":"post","link":"https:\/\/www.krajskakniznicazilina.sk\/index.php\/2025\/02\/17\/oznam-o-nedostupnosti-studovne\/","title":{"rendered":"Oznam o nedostupnosti \u0161tudovne"},"content":{"rendered":"<p><a href=\"https:\/\/www.krajskakniznicazilina.sk\/wp-content\/uploads\/2025\/02\/oznam-\u0161tudov\u0148a-scaled.jpg\"><img decoding=\"async\" class=\"size-medium wp-image-14630 alignleft\" src=\"https:\/\/www.krajskakniznicazilina.sk\/wp-content\/uploads\/2025\/02\/oznam-\u0161tudov\u0148a-300x212.jpg\" alt=\"plag\u00e1t\" width=\"40%\" height=\"40%\" \/><\/a>V\u00e1\u017een\u00ed \u010ditatelia,<\/p>\n<p>dovo\u013eujeme si V\u00e1m ozn\u00e1mi\u0165, \u017ee z d\u00f4vodu \u0161kolenia bude dnes 17.2. a zajtra 18.2. v \u010dase 8:00-16:00 na \u00daseku odbornej literat\u00fary nedostupn\u00e1 \u0161tudov\u0148a.<\/p>\n<p>Za vzniknut\u00e9 nepohodlie sa ospravedl\u0148ujeme a ver\u00edme, \u017ee si v kni\u017enici n\u00e1jdete in\u00e9 v hodn\u00e9 miesto.<\/p>\n","protected":false},"excerpt":{"rendered":"<p>V\u00e1\u017een\u00ed \u010ditatelia, dovo\u013eujeme si V\u00e1m ozn\u00e1mi\u0165, \u017ee z d\u00f4vodu \u0161kolenia bude dnes 17.2. a zajtra 18.2. v \u010dase 8:00-16:00 na \u00daseku odbornej literat\u00fary nedostupn\u00e1 \u0161tudov\u0148a. Za vzniknut\u00e9 nepohodlie sa ospravedl\u0148ujeme a ver\u00edme, \u017ee si v kni\u017enici n\u00e1jdete in\u00e9 v hodn\u00e9 miesto.<\/p>\n","protected":false},"author":1,"featured_media":0,"comment_status":"open","ping_status":"open","sticky":false,"template":"","format":"image","meta":{"footnotes":""},"categories":[1],"tags":[],"class_list":["post-14629","post","type-post","status-publish","format-image","hentry","category-oznam","post_format-post-format-image"],"_links":{"self":[{"href":"https:\/\/www.krajskakniznicazilina.sk\/index.php\/wp-json\/wp\/v2\/posts\/14629","targetHints":{"allow":["GET"]}}],"collection":[{"href":"https:\/\/www.krajskakniznicazilina.sk\/index.php\/wp-json\/wp\/v2\/posts"}],"about":[{"href":"https:\/\/www.krajskakniznicazilina.sk\/index.php\/wp-json\/wp\/v2\/types\/post"}],"author":[{"embeddable":true,"href":"https:\/\/www.krajskakniznicazilina.sk\/index.php\/wp-json\/wp\/v2\/users\/1"}],"replies":[{"embeddable":true,"href":"https:\/\/www.krajskakniznicazilina.sk\/index.php\/wp-json\/wp\/v2\/comments?post=14629"}],"version-history":[{"count":1,"href":"https:\/\/www.krajskakniznicazilina.sk\/index.php\/wp-json\/wp\/v2\/posts\/14629\/revisions"}],"predecessor-version":[{"id":14631,"href":"https:\/\/www.krajskakniznicazilina.sk\/index.php\/wp-json\/wp\/v2\/posts\/14629\/revisions\/14631"}],"wp:attachment":[{"href":"https:\/\/www.krajskakniznicazilina.sk\/index.php\/wp-json\/wp\/v2\/media?parent=14629"}],"wp:term":[{"taxonomy":"category","embeddable":true,"href":"https:\/\/www.krajskakniznicazilina.sk\/index.php\/wp-json\/wp\/v2\/categories?post=14629"},{"taxonomy":"post_tag","embeddable":true,"href":"https:\/\/www.krajskakniznicazilina.sk\/index.php\/wp-json\/wp\/v2\/tags?post=14629"}],"curies":[{"name":"wp","href":"https:\/\/api.w.org\/{rel}","templated":true}]}}