{"id":14648,"date":"2025-02-20T14:20:01","date_gmt":"2025-02-20T13:20:01","guid":{"rendered":"https:\/\/www.krajskakniznicazilina.sk\/?p=14648"},"modified":"2025-02-20T14:43:10","modified_gmt":"2025-02-20T13:43:10","slug":"vratme-knihy-do-skol-sutaz","status":"publish","type":"post","link":"https:\/\/www.krajskakniznicazilina.sk\/index.php\/2025\/02\/20\/vratme-knihy-do-skol-sutaz\/","title":{"rendered":"Vr\u00e1\u0165me knihy do \u0161k\u00f4l &#8211; s\u00fa\u0165a\u017e"},"content":{"rendered":"<p style=\"text-align: justify;\"><a href=\"https:\/\/www.krajskakniznicazilina.sk\/wp-content\/uploads\/2025\/02\/Vr\u00e1\u0165me-knihy-do-\u0161k\u00f4l_\u017dSK-2025-plag\u00e1t-A4-scaled.jpg\"><img decoding=\"async\" class=\"size-medium wp-image-14649 alignleft\" src=\"https:\/\/www.krajskakniznicazilina.sk\/wp-content\/uploads\/2025\/02\/Vr\u00e1\u0165me-knihy-do-\u0161k\u00f4l_\u017dSK-2025-plag\u00e1t-A4-212x300.jpg\" alt=\"\" width=\"40%\" height=\"40%\" \/><\/a>Ob\u013e\u00faben\u00e1 \u010ditate\u013esk\u00e1 s\u00fa\u0165a\u017e Vr\u00e1\u0165me knihy do \u0161k\u00f4l je op\u00e4\u0165 tu. Jej cie\u013eom je motivova\u0165 deti k \u010d\u00edtaniu kn\u00edh. V minulom roku bol \u017dilinsk\u00fd kraj najlep\u0161\u00ed po\u010dtom pr\u00edspevkov (3433), pri\u010dom na\u0161a \u017eupa odmenila vecn\u00fdmi cenami deti z matersk\u00fdch \u0161k\u00f4l, \u017eiakov z\u00e1kladn\u00fdch i stredn\u00fdch \u0161k\u00f4l, a rovnako tak najakt\u00edvnej\u0161iu \u0161kolu aj kni\u017en\u00fdch anjelov. Rovnako tomu bude aj tento rok.<\/p>\n<p style=\"text-align: justify;\">Ide o celoslovensk\u00fa s\u00fa\u0165a\u017e, ktor\u00e1 je ur\u010den\u00e1 pre matersk\u00e9, z\u00e1kladn\u00e9 a stredn\u00e9 \u0161koly.<\/p>\n<p style=\"text-align: justify;\">&#8211; \u0160k\u00f4lkari zase nakreslia obr\u00e1zok s pomocou u\u010dite\u013ea \u010di rodi\u010da.<br \/>\n&#8211; \u017diaci I. stup\u0148a Z\u0160 m\u00f4\u017eu posla\u0165 bu\u010f text, obr\u00e1zok alebo oboje. V s\u00fa\u0165a\u017ei sa neposudzuje liter\u00e1rna kvalita pr\u00edspevkov, d\u00f4le\u017eit\u00e9 je \u010d\u00edta\u0165.<br \/>\n&#8211; \u017diaci II. stup\u0148a Z\u0160 a S\u0160 si m\u00f4\u017eu pre\u010d\u00edta\u0165 \u013eubovo\u013en\u00fa knihu a nap\u00edsa\u0165 o nej kr\u00e1tky refer\u00e1t v rozsahu maxim\u00e1lne dve strany. \u010citate\u013e m\u00e1 objasni\u0165, pre\u010do si vybral pr\u00e1ve t\u00fato knihu a \u010do mu jej pre\u010d\u00edtanie prinieslo.<\/p>\n<p style=\"text-align: justify;\">Z doru\u010den\u00fdch pr\u00edspevkov sa v\u00ed\u0165azi pre jednotliv\u00e9 kateg\u00f3rie ur\u010duj\u00fa \u017erebovan\u00edm. Uz\u00e1vierka s\u00fa\u0165a\u017ee je <strong>15.4.2025<\/strong>. V hre je aj mno\u017estvo zauj\u00edmav\u00fdch cien. Ocenen\u00e1 bude aj najakt\u00edvnej\u0161ia stredn\u00e1 \u0161kola v \u017dilinskom kraji ako aj Kni\u017en\u00ed anjeli \u2013 v\u00fdnimo\u010dn\u00e9 osoby, ktor\u00e9 ved\u00fa ml\u00e1de\u017e k literat\u00fare. Na t\u00fato cenu navrhuj\u00fa \u017eiaci knihovn\u00edka, u\u010dite\u013ea slovensk\u00e9ho jazyka \u010di vychov\u00e1vate\u013ea, ktor\u00fd u \u017eiakov podporuje z\u00e1ujem o \u010d\u00edtanie.<\/p>\n<p style=\"text-align: justify;\">Viac inform\u00e1cii o s\u00fa\u0165a\u017ei n\u00e1jdete tu: <a href=\"http:\/\/www.vratmeknihydoskol.sk\">www.vratmeknihydoskol.sk<\/a>, pravidl\u00e1 s\u00fa\u0165a\u017ee: <a href=\"https:\/\/knihy.bratislavskykraj.sk\/pravidla\/\">https:\/\/knihy.bratislavskykraj.sk\/pravidla\/<\/a><\/p>\n<p style=\"text-align: justify;\">Budeme radi ak sa do s\u00fa\u0165a\u017ee zapoj\u00ed \u010do najviac det\u00ed, \u017eiakov, ktor\u00ed sa s rados\u0165ou za\u010d\u00edtaj\u00fa do zauj\u00edmav\u00fdch pr\u00edbehov z hist\u00f3rie, \u010falek\u00fdch kraj\u00edn, fantasy svetov, ale aj zo s\u00fa\u010dasnosti. Roz\u0161\u00edria si obzory \u010di slovn\u00fa z\u00e1sobu a daj\u00fa zelen\u00fa svojej tvorivosti.<\/p>\n<p style=\"text-align: justify;\">\n","protected":false},"excerpt":{"rendered":"<p>Ob\u013e\u00faben\u00e1 \u010ditate\u013esk\u00e1 s\u00fa\u0165a\u017e Vr\u00e1\u0165me knihy do \u0161k\u00f4l je op\u00e4\u0165 tu. Jej cie\u013eom je motivova\u0165 deti k \u010d\u00edtaniu kn\u00edh. V minulom roku bol \u017dilinsk\u00fd kraj najlep\u0161\u00ed po\u010dtom pr\u00edspevkov (3433), pri\u010dom na\u0161a \u017eupa odmenila vecn\u00fdmi cenami deti z matersk\u00fdch \u0161k\u00f4l, \u017eiakov z\u00e1kladn\u00fdch i stredn\u00fdch \u0161k\u00f4l, a rovnako tak najakt\u00edvnej\u0161iu \u0161kolu aj kni\u017en\u00fdch anjelov. Rovnako tomu bude aj &#8230; <a title=\"Vr\u00e1\u0165me knihy do \u0161k\u00f4l &#8211; s\u00fa\u0165a\u017e\" class=\"read-more\" href=\"https:\/\/www.krajskakniznicazilina.sk\/index.php\/2025\/02\/20\/vratme-knihy-do-skol-sutaz\/\" aria-label=\"Pre\u010d\u00edtajte si viac o Vr\u00e1\u0165me knihy do \u0161k\u00f4l &#8211; s\u00fa\u0165a\u017e\">\u010c\u00edta\u0165 viac<\/a><\/p>\n","protected":false},"author":1,"featured_media":0,"comment_status":"open","ping_status":"open","sticky":false,"template":"","format":"image","meta":{"footnotes":""},"categories":[16],"tags":[],"class_list":["post-14648","post","type-post","status-publish","format-image","hentry","category-sutaz","post_format-post-format-image"],"_links":{"self":[{"href":"https:\/\/www.krajskakniznicazilina.sk\/index.php\/wp-json\/wp\/v2\/posts\/14648","targetHints":{"allow":["GET"]}}],"collection":[{"href":"https:\/\/www.krajskakniznicazilina.sk\/index.php\/wp-json\/wp\/v2\/posts"}],"about":[{"href":"https:\/\/www.krajskakniznicazilina.sk\/index.php\/wp-json\/wp\/v2\/types\/post"}],"author":[{"embeddable":true,"href":"https:\/\/www.krajskakniznicazilina.sk\/index.php\/wp-json\/wp\/v2\/users\/1"}],"replies":[{"embeddable":true,"href":"https:\/\/www.krajskakniznicazilina.sk\/index.php\/wp-json\/wp\/v2\/comments?post=14648"}],"version-history":[{"count":5,"href":"https:\/\/www.krajskakniznicazilina.sk\/index.php\/wp-json\/wp\/v2\/posts\/14648\/revisions"}],"predecessor-version":[{"id":14654,"href":"https:\/\/www.krajskakniznicazilina.sk\/index.php\/wp-json\/wp\/v2\/posts\/14648\/revisions\/14654"}],"wp:attachment":[{"href":"https:\/\/www.krajskakniznicazilina.sk\/index.php\/wp-json\/wp\/v2\/media?parent=14648"}],"wp:term":[{"taxonomy":"category","embeddable":true,"href":"https:\/\/www.krajskakniznicazilina.sk\/index.php\/wp-json\/wp\/v2\/categories?post=14648"},{"taxonomy":"post_tag","embeddable":true,"href":"https:\/\/www.krajskakniznicazilina.sk\/index.php\/wp-json\/wp\/v2\/tags?post=14648"}],"curies":[{"name":"wp","href":"https:\/\/api.w.org\/{rel}","templated":true}]}}