{"id":14675,"date":"2025-02-24T09:37:11","date_gmt":"2025-02-24T08:37:11","guid":{"rendered":"https:\/\/www.krajskakniznicazilina.sk\/?p=14675"},"modified":"2025-03-04T08:22:35","modified_gmt":"2025-03-04T07:22:35","slug":"medzinarodny-tyzden-mozgu","status":"publish","type":"post","link":"https:\/\/www.krajskakniznicazilina.sk\/index.php\/2025\/02\/24\/medzinarodny-tyzden-mozgu\/","title":{"rendered":"Medzin\u00e1rodn\u00fd t\u00fd\u017ede\u0148 mozgu &#8211; tr\u00e9ning pam\u00e4ti"},"content":{"rendered":"<p style=\"text-align: justify;\"><a href=\"https:\/\/www.krajskakniznicazilina.sk\/wp-content\/uploads\/2025\/02\/t\u00fd\u017ede\u0148-mozgu-11.3.-scaled.jpg\"><img decoding=\"async\" class=\"size-medium wp-image-14676 alignleft\" src=\"https:\/\/www.krajskakniznicazilina.sk\/wp-content\/uploads\/2025\/02\/t\u00fd\u017ede\u0148-mozgu-11.3.-300x212.jpg\" alt=\"\" width=\"40%\" height=\"40%\" srcset=\"https:\/\/www.krajskakniznicazilina.sk\/wp-content\/uploads\/2025\/02\/t\u00fd\u017ede\u0148-mozgu-11.3.-300x212.jpg 300w, https:\/\/www.krajskakniznicazilina.sk\/wp-content\/uploads\/2025\/02\/t\u00fd\u017ede\u0148-mozgu-11.3.-1024x724.jpg 1024w, https:\/\/www.krajskakniznicazilina.sk\/wp-content\/uploads\/2025\/02\/t\u00fd\u017ede\u0148-mozgu-11.3.-768x543.jpg 768w, https:\/\/www.krajskakniznicazilina.sk\/wp-content\/uploads\/2025\/02\/t\u00fd\u017ede\u0148-mozgu-11.3.-1536x1086.jpg 1536w, https:\/\/www.krajskakniznicazilina.sk\/wp-content\/uploads\/2025\/02\/t\u00fd\u017ede\u0148-mozgu-11.3.-2048x1448.jpg 2048w\" sizes=\"(max-width: 300px) 100vw, 300px\" \/><\/a>Aj Krajsk\u00e1 kni\u017enica v \u017diline si po\u010das T\u00fd\u017ed\u0148a mozgu priprav\u00ed zauj\u00edmav\u00e9 aktivity nielen pre organizovan\u00e9 kolekt\u00edvy, ale aj pre verejnos\u0165.<\/p>\n<p style=\"text-align: justify;\">V spolupr\u00e1ci s\u00a0Region\u00e1lnym \u00faradom verejn\u00e9ho zdravotn\u00edctva sa tak ako po in\u00e9 roky zapoj\u00ed do tradi\u010dn\u00e9ho celoeur\u00f3pskeho podujatia, ktor\u00e9 sa uskuto\u010dn\u00ed <strong>od 10. do 16. marca 2025.<\/strong><\/p>\n<p style=\"text-align: justify;\">Na\u0161\u00edm cie\u013eom je upriami\u0165 pozornos\u0165 na potrebu neust\u00e1leho precvi\u010dovania kognit\u00edvnych funkci\u00ed mozgu a pam\u00e4ti. Podujatie pre verejnos\u0165 sa uskuto\u010dn\u00ed z\u00e1bavnou a hravou formou v\u00a0utorok <strong>11. marca o\u00a016:00<\/strong> v\u00a0Krajskej kni\u017enici v\u00a0\u017diline. Vstup je vo\u013en\u00fd.<\/p>\n","protected":false},"excerpt":{"rendered":"<p>Aj Krajsk\u00e1 kni\u017enica v \u017diline si po\u010das T\u00fd\u017ed\u0148a mozgu priprav\u00ed zauj\u00edmav\u00e9 aktivity nielen pre organizovan\u00e9 kolekt\u00edvy, ale aj pre verejnos\u0165. V spolupr\u00e1ci s\u00a0Region\u00e1lnym \u00faradom verejn\u00e9ho zdravotn\u00edctva sa tak ako po in\u00e9 roky zapoj\u00ed do tradi\u010dn\u00e9ho celoeur\u00f3pskeho podujatia, ktor\u00e9 sa uskuto\u010dn\u00ed od 10. do 16. marca 2025. Na\u0161\u00edm cie\u013eom je upriami\u0165 pozornos\u0165 na potrebu neust\u00e1leho precvi\u010dovania &#8230; <a title=\"Medzin\u00e1rodn\u00fd t\u00fd\u017ede\u0148 mozgu &#8211; tr\u00e9ning pam\u00e4ti\" class=\"read-more\" href=\"https:\/\/www.krajskakniznicazilina.sk\/index.php\/2025\/02\/24\/medzinarodny-tyzden-mozgu\/\" aria-label=\"Pre\u010d\u00edtajte si viac o Medzin\u00e1rodn\u00fd t\u00fd\u017ede\u0148 mozgu &#8211; tr\u00e9ning pam\u00e4ti\">\u010c\u00edta\u0165 viac<\/a><\/p>\n","protected":false},"author":1,"featured_media":0,"comment_status":"open","ping_status":"open","sticky":false,"template":"","format":"image","meta":{"footnotes":""},"categories":[12,49],"tags":[],"class_list":["post-14675","post","type-post","status-publish","format-image","hentry","category-podujatie","category-trening-pamati","post_format-post-format-image"],"_links":{"self":[{"href":"https:\/\/www.krajskakniznicazilina.sk\/index.php\/wp-json\/wp\/v2\/posts\/14675","targetHints":{"allow":["GET"]}}],"collection":[{"href":"https:\/\/www.krajskakniznicazilina.sk\/index.php\/wp-json\/wp\/v2\/posts"}],"about":[{"href":"https:\/\/www.krajskakniznicazilina.sk\/index.php\/wp-json\/wp\/v2\/types\/post"}],"author":[{"embeddable":true,"href":"https:\/\/www.krajskakniznicazilina.sk\/index.php\/wp-json\/wp\/v2\/users\/1"}],"replies":[{"embeddable":true,"href":"https:\/\/www.krajskakniznicazilina.sk\/index.php\/wp-json\/wp\/v2\/comments?post=14675"}],"version-history":[{"count":2,"href":"https:\/\/www.krajskakniznicazilina.sk\/index.php\/wp-json\/wp\/v2\/posts\/14675\/revisions"}],"predecessor-version":[{"id":14766,"href":"https:\/\/www.krajskakniznicazilina.sk\/index.php\/wp-json\/wp\/v2\/posts\/14675\/revisions\/14766"}],"wp:attachment":[{"href":"https:\/\/www.krajskakniznicazilina.sk\/index.php\/wp-json\/wp\/v2\/media?parent=14675"}],"wp:term":[{"taxonomy":"category","embeddable":true,"href":"https:\/\/www.krajskakniznicazilina.sk\/index.php\/wp-json\/wp\/v2\/categories?post=14675"},{"taxonomy":"post_tag","embeddable":true,"href":"https:\/\/www.krajskakniznicazilina.sk\/index.php\/wp-json\/wp\/v2\/tags?post=14675"}],"curies":[{"name":"wp","href":"https:\/\/api.w.org\/{rel}","templated":true}]}}