{"id":14839,"date":"2025-04-07T07:03:27","date_gmt":"2025-04-07T05:03:27","guid":{"rendered":"https:\/\/www.krajskakniznicazilina.sk\/?p=14839"},"modified":"2025-04-08T06:54:51","modified_gmt":"2025-04-08T04:54:51","slug":"o-aspergerovom-syndrome-kazdy-potrebuje-spriaznenu-dusu","status":"publish","type":"post","link":"https:\/\/www.krajskakniznicazilina.sk\/index.php\/2025\/04\/07\/o-aspergerovom-syndrome-kazdy-potrebuje-spriaznenu-dusu\/","title":{"rendered":"O Aspergerovom syndr\u00f3me: Ka\u017ed\u00fd potrebuje spriaznen\u00fa du\u0161u"},"content":{"rendered":"<p style=\"text-align: justify;\"><a href=\"https:\/\/www.krajskakniznicazilina.sk\/clanky\/2025\/04\/asperger%20syndr%C3%B3m.jpg\"><img decoding=\"async\" class=\"size-medium alignright\" src=\"https:\/\/www.krajskakniznicazilina.sk\/clanky\/2025\/04\/asperger%20syndr%C3%B3m.jpg\" alt=\"plag\u00e1t\" width=\"40%\" height=\"40%\" \/><\/a>Ak\u00e9 s\u00fa deti s Aspergerov\u00fdm syndr\u00f3mom? Ak\u00e9 probl\u00e9my prin\u00e1\u0161a?\u00a0 A ako Ob\u010dianske zdru\u017eenie HANS rie\u0161i t\u00fato situ\u00e1ciu cez svoj dobrovo\u013en\u00edcky program? OZ HANS je celoslovensk\u00e9 zdru\u017eenie jednotlivcov a rod\u00edn s Aspergerov\u00fdm syndr\u00f3mom a autizmom. Ich v\u00edziou je, \u017ee s citliv\u00fdm pr\u00edstupom a porozumen\u00edm dok\u00e1\u017eu by\u0165 ich deti aj dospel\u00ed pr\u00ednosom pre spolo\u010dnos\u0165. O tom, \u017ee ka\u017ed\u00fd potrebuje svoju spriaznen\u00fa du\u0161u vedia aj Sne\u017eienky s V\u00edlou (interven\u010dn\u00e9 ps\u00edky z neziskovej organiz\u00e1cie Zmysel \u017eivota), ktor\u00e9 bud\u00fa s\u00fa\u010das\u0165ou podujatia. Pr\u00ed\u010fte na predn\u00e1\u0161ku spojen\u00fa s\u00a0workshopom so zakladate\u013ekou OZ HANS, <strong>Vierou Hincovou<\/strong> a\u00a0rodinami v\u00a0utorok <strong>29. apr\u00edla o\u00a016:30<\/strong> do Krajskej kni\u017enice v\u00a0\u017diline.<\/p>\n","protected":false},"excerpt":{"rendered":"<p>Ak\u00e9 s\u00fa deti s Aspergerov\u00fdm syndr\u00f3mom? Ak\u00e9 probl\u00e9my prin\u00e1\u0161a?\u00a0 A ako Ob\u010dianske zdru\u017eenie HANS rie\u0161i t\u00fato situ\u00e1ciu cez svoj dobrovo\u013en\u00edcky program? OZ HANS je celoslovensk\u00e9 zdru\u017eenie jednotlivcov a rod\u00edn s Aspergerov\u00fdm syndr\u00f3mom a autizmom. Ich v\u00edziou je, \u017ee s citliv\u00fdm pr\u00edstupom a porozumen\u00edm dok\u00e1\u017eu by\u0165 ich deti aj dospel\u00ed pr\u00ednosom pre spolo\u010dnos\u0165. O tom, \u017ee &#8230; <a title=\"O Aspergerovom syndr\u00f3me: Ka\u017ed\u00fd potrebuje spriaznen\u00fa du\u0161u\" class=\"read-more\" href=\"https:\/\/www.krajskakniznicazilina.sk\/index.php\/2025\/04\/07\/o-aspergerovom-syndrome-kazdy-potrebuje-spriaznenu-dusu\/\" aria-label=\"Pre\u010d\u00edtajte si viac o O Aspergerovom syndr\u00f3me: Ka\u017ed\u00fd potrebuje spriaznen\u00fa du\u0161u\">\u010c\u00edta\u0165 viac<\/a><\/p>\n","protected":false},"author":1,"featured_media":0,"comment_status":"open","ping_status":"open","sticky":false,"template":"","format":"image","meta":{"footnotes":""},"categories":[12,22,20],"tags":[],"class_list":["post-14839","post","type-post","status-publish","format-image","hentry","category-podujatie","category-prednaska","category-workshop","post_format-post-format-image"],"_links":{"self":[{"href":"https:\/\/www.krajskakniznicazilina.sk\/index.php\/wp-json\/wp\/v2\/posts\/14839","targetHints":{"allow":["GET"]}}],"collection":[{"href":"https:\/\/www.krajskakniznicazilina.sk\/index.php\/wp-json\/wp\/v2\/posts"}],"about":[{"href":"https:\/\/www.krajskakniznicazilina.sk\/index.php\/wp-json\/wp\/v2\/types\/post"}],"author":[{"embeddable":true,"href":"https:\/\/www.krajskakniznicazilina.sk\/index.php\/wp-json\/wp\/v2\/users\/1"}],"replies":[{"embeddable":true,"href":"https:\/\/www.krajskakniznicazilina.sk\/index.php\/wp-json\/wp\/v2\/comments?post=14839"}],"version-history":[{"count":2,"href":"https:\/\/www.krajskakniznicazilina.sk\/index.php\/wp-json\/wp\/v2\/posts\/14839\/revisions"}],"predecessor-version":[{"id":14933,"href":"https:\/\/www.krajskakniznicazilina.sk\/index.php\/wp-json\/wp\/v2\/posts\/14839\/revisions\/14933"}],"wp:attachment":[{"href":"https:\/\/www.krajskakniznicazilina.sk\/index.php\/wp-json\/wp\/v2\/media?parent=14839"}],"wp:term":[{"taxonomy":"category","embeddable":true,"href":"https:\/\/www.krajskakniznicazilina.sk\/index.php\/wp-json\/wp\/v2\/categories?post=14839"},{"taxonomy":"post_tag","embeddable":true,"href":"https:\/\/www.krajskakniznicazilina.sk\/index.php\/wp-json\/wp\/v2\/tags?post=14839"}],"curies":[{"name":"wp","href":"https:\/\/api.w.org\/{rel}","templated":true}]}}