{"id":14858,"date":"2025-03-24T07:03:22","date_gmt":"2025-03-24T06:03:22","guid":{"rendered":"https:\/\/www.krajskakniznicazilina.sk\/?p=14858"},"modified":"2025-03-21T08:24:18","modified_gmt":"2025-03-21T07:24:18","slug":"objavte-povab-pyrografie","status":"publish","type":"post","link":"https:\/\/www.krajskakniznicazilina.sk\/index.php\/2025\/03\/24\/objavte-povab-pyrografie\/","title":{"rendered":"Objavte p\u00f4vab pyrografie"},"content":{"rendered":"<p style=\"text-align: justify;\"><a href=\"https:\/\/www.krajskakniznicazilina.sk\/clanky\/2025\/04\/pyrografia.jpg\"><img decoding=\"async\" class=\"alignright size-medium\" src=\"https:\/\/www.krajskakniznicazilina.sk\/clanky\/2025\/04\/pyrografia.jpg\" alt=\"plag\u00e1t\" width=\"40%\" height=\"40%\" \/><\/a>Chcete podpori\u0165 va\u0161u kreativitu, stretn\u00fa\u0165 nov\u00fdch \u013eud\u00ed a nau\u010di\u0165 sa nov\u00e9 veci? Pyrografia je\u00a0 ob\u013e\u00faben\u00e1 umeleck\u00e1 technika na zdobenie dreva, pomocou \u0161peci\u00e1lneho pr\u00edstroja na vypa\u013eovanie. Pr\u00ed\u010fte do Krajskej kni\u017enice v\u00a0\u017diline v\u00a0utorok <strong>8. apr\u00edla o\u00a016:00<\/strong> a vyrobte si jedine\u010dn\u00fa ve\u013ekono\u010dn\u00fa dekor\u00e1ciu a vezmite si ju domov. Podujatie je vhodn\u00e9 pre z\u00e1ujemcov <span style=\"text-decoration: underline;\">od 11 rokov<\/span> v sprievode rodi\u010dov. <span style=\"text-decoration: underline;\">Poplatok za materi\u00e1l je 3 \u20ac<\/span>.\u00a0 Podmienkou je aj platn\u00fd \u010ditate\u013esk\u00fd preukaz do kni\u017enice. Na podujatie je potrebn\u00e9 vopred sa <strong>prihl\u00e1si\u0165<\/strong> cez formul\u00e1r: <strong><a href=\"https:\/\/forms.gle\/VWNhp1zT2zHty8Bc7\">https:\/\/forms.gle\/VWNhp1zT2zHty8Bc7<\/a><\/strong><\/p>\n","protected":false},"excerpt":{"rendered":"<p>Chcete podpori\u0165 va\u0161u kreativitu, stretn\u00fa\u0165 nov\u00fdch \u013eud\u00ed a nau\u010di\u0165 sa nov\u00e9 veci? Pyrografia je\u00a0 ob\u013e\u00faben\u00e1 umeleck\u00e1 technika na zdobenie dreva, pomocou \u0161peci\u00e1lneho pr\u00edstroja na vypa\u013eovanie. Pr\u00ed\u010fte do Krajskej kni\u017enice v\u00a0\u017diline v\u00a0utorok 8. apr\u00edla o\u00a016:00 a vyrobte si jedine\u010dn\u00fa ve\u013ekono\u010dn\u00fa dekor\u00e1ciu a vezmite si ju domov. Podujatie je vhodn\u00e9 pre z\u00e1ujemcov od 11 rokov v sprievode &#8230; <a title=\"Objavte p\u00f4vab pyrografie\" class=\"read-more\" href=\"https:\/\/www.krajskakniznicazilina.sk\/index.php\/2025\/03\/24\/objavte-povab-pyrografie\/\" aria-label=\"Pre\u010d\u00edtajte si viac o Objavte p\u00f4vab pyrografie\">\u010c\u00edta\u0165 viac<\/a><\/p>\n","protected":false},"author":1,"featured_media":0,"comment_status":"open","ping_status":"open","sticky":false,"template":"","format":"image","meta":{"footnotes":""},"categories":[12],"tags":[],"class_list":["post-14858","post","type-post","status-publish","format-image","hentry","category-podujatie","post_format-post-format-image"],"_links":{"self":[{"href":"https:\/\/www.krajskakniznicazilina.sk\/index.php\/wp-json\/wp\/v2\/posts\/14858","targetHints":{"allow":["GET"]}}],"collection":[{"href":"https:\/\/www.krajskakniznicazilina.sk\/index.php\/wp-json\/wp\/v2\/posts"}],"about":[{"href":"https:\/\/www.krajskakniznicazilina.sk\/index.php\/wp-json\/wp\/v2\/types\/post"}],"author":[{"embeddable":true,"href":"https:\/\/www.krajskakniznicazilina.sk\/index.php\/wp-json\/wp\/v2\/users\/1"}],"replies":[{"embeddable":true,"href":"https:\/\/www.krajskakniznicazilina.sk\/index.php\/wp-json\/wp\/v2\/comments?post=14858"}],"version-history":[{"count":1,"href":"https:\/\/www.krajskakniznicazilina.sk\/index.php\/wp-json\/wp\/v2\/posts\/14858\/revisions"}],"predecessor-version":[{"id":14859,"href":"https:\/\/www.krajskakniznicazilina.sk\/index.php\/wp-json\/wp\/v2\/posts\/14858\/revisions\/14859"}],"wp:attachment":[{"href":"https:\/\/www.krajskakniznicazilina.sk\/index.php\/wp-json\/wp\/v2\/media?parent=14858"}],"wp:term":[{"taxonomy":"category","embeddable":true,"href":"https:\/\/www.krajskakniznicazilina.sk\/index.php\/wp-json\/wp\/v2\/categories?post=14858"},{"taxonomy":"post_tag","embeddable":true,"href":"https:\/\/www.krajskakniznicazilina.sk\/index.php\/wp-json\/wp\/v2\/tags?post=14858"}],"curies":[{"name":"wp","href":"https:\/\/api.w.org\/{rel}","templated":true}]}}