{"id":14865,"date":"2025-03-24T14:22:40","date_gmt":"2025-03-24T13:22:40","guid":{"rendered":"https:\/\/www.krajskakniznicazilina.sk\/?p=14865"},"modified":"2025-03-25T13:33:28","modified_gmt":"2025-03-25T12:33:28","slug":"jarny-detox-so-vcelimi-produktami","status":"publish","type":"post","link":"https:\/\/www.krajskakniznicazilina.sk\/index.php\/2025\/03\/24\/jarny-detox-so-vcelimi-produktami\/","title":{"rendered":"Jarn\u00fd detox so v\u010del\u00edmi produktami"},"content":{"rendered":"<p style=\"text-align: justify;\"><a href=\"https:\/\/www.krajskakniznicazilina.sk\/clanky\/2025\/04\/jarn%C3%BD%20detox.jpg\"><img decoding=\"async\" class=\"alignleft size-medium\" src=\"https:\/\/www.krajskakniznicazilina.sk\/clanky\/2025\/04\/jarn%C3%BD%20detox.jpg\" alt=\"plag\u00e1t\" width=\"40%\" height=\"40%\" \/><\/a>Chcete vedie\u0165 viac o produktoch zo v\u010delieho \u00fa\u013ea? Viete, ktor\u00e9 s\u00fa vhodn\u00e9 v\u00fdrobky na podporu jarnej o\u010disty tela a ktor\u00e9 sl\u00fa\u017eia aj ako prevencia proti jarnej \u00fanave? Pr\u00ed\u010fte na predn\u00e1\u0161ku v\u010del\u00e1rstva V\u010del\u00ed dom\u010dek v stredu <strong>9. apr\u00edla o\u00a016:30<\/strong> do Krajskej kni\u017enice v\u00a0\u017diline a\u00a0dozviete sa aj, ako tieto produkty vhodne kombinova\u0165 a d\u00e1vkova\u0165 tak, aby pre n\u00e1s mali \u010do najlep\u0161\u00ed \u00fa\u010dinok.<\/p>\n","protected":false},"excerpt":{"rendered":"<p>Chcete vedie\u0165 viac o produktoch zo v\u010delieho \u00fa\u013ea? Viete, ktor\u00e9 s\u00fa vhodn\u00e9 v\u00fdrobky na podporu jarnej o\u010disty tela a ktor\u00e9 sl\u00fa\u017eia aj ako prevencia proti jarnej \u00fanave? Pr\u00ed\u010fte na predn\u00e1\u0161ku v\u010del\u00e1rstva V\u010del\u00ed dom\u010dek v stredu 9. apr\u00edla o\u00a016:30 do Krajskej kni\u017enice v\u00a0\u017diline a\u00a0dozviete sa aj, ako tieto produkty vhodne kombinova\u0165 a d\u00e1vkova\u0165 tak, aby pre &#8230; <a title=\"Jarn\u00fd detox so v\u010del\u00edmi produktami\" class=\"read-more\" href=\"https:\/\/www.krajskakniznicazilina.sk\/index.php\/2025\/03\/24\/jarny-detox-so-vcelimi-produktami\/\" aria-label=\"Pre\u010d\u00edtajte si viac o Jarn\u00fd detox so v\u010del\u00edmi produktami\">\u010c\u00edta\u0165 viac<\/a><\/p>\n","protected":false},"author":1,"featured_media":0,"comment_status":"open","ping_status":"open","sticky":false,"template":"","format":"image","meta":{"footnotes":""},"categories":[12,22],"tags":[],"class_list":["post-14865","post","type-post","status-publish","format-image","hentry","category-podujatie","category-prednaska","post_format-post-format-image"],"_links":{"self":[{"href":"https:\/\/www.krajskakniznicazilina.sk\/index.php\/wp-json\/wp\/v2\/posts\/14865","targetHints":{"allow":["GET"]}}],"collection":[{"href":"https:\/\/www.krajskakniznicazilina.sk\/index.php\/wp-json\/wp\/v2\/posts"}],"about":[{"href":"https:\/\/www.krajskakniznicazilina.sk\/index.php\/wp-json\/wp\/v2\/types\/post"}],"author":[{"embeddable":true,"href":"https:\/\/www.krajskakniznicazilina.sk\/index.php\/wp-json\/wp\/v2\/users\/1"}],"replies":[{"embeddable":true,"href":"https:\/\/www.krajskakniznicazilina.sk\/index.php\/wp-json\/wp\/v2\/comments?post=14865"}],"version-history":[{"count":2,"href":"https:\/\/www.krajskakniznicazilina.sk\/index.php\/wp-json\/wp\/v2\/posts\/14865\/revisions"}],"predecessor-version":[{"id":14883,"href":"https:\/\/www.krajskakniznicazilina.sk\/index.php\/wp-json\/wp\/v2\/posts\/14865\/revisions\/14883"}],"wp:attachment":[{"href":"https:\/\/www.krajskakniznicazilina.sk\/index.php\/wp-json\/wp\/v2\/media?parent=14865"}],"wp:term":[{"taxonomy":"category","embeddable":true,"href":"https:\/\/www.krajskakniznicazilina.sk\/index.php\/wp-json\/wp\/v2\/categories?post=14865"},{"taxonomy":"post_tag","embeddable":true,"href":"https:\/\/www.krajskakniznicazilina.sk\/index.php\/wp-json\/wp\/v2\/tags?post=14865"}],"curies":[{"name":"wp","href":"https:\/\/api.w.org\/{rel}","templated":true}]}}