{"id":14873,"date":"2025-03-25T14:02:46","date_gmt":"2025-03-25T13:02:46","guid":{"rendered":"https:\/\/www.krajskakniznicazilina.sk\/?p=14873"},"modified":"2025-03-25T12:39:18","modified_gmt":"2025-03-25T11:39:18","slug":"kam-som-dal-a-okuliare","status":"publish","type":"post","link":"https:\/\/www.krajskakniznicazilina.sk\/index.php\/2025\/03\/25\/kam-som-dal-a-okuliare\/","title":{"rendered":"Kam som dal\/a okuliare?"},"content":{"rendered":"<p style=\"text-align: justify;\"><a href=\"https:\/\/www.krajskakniznicazilina.sk\/clanky\/2025\/04\/tr%C3%A9ning%20pam%C3%A4ti.jpg\"><img decoding=\"async\" class=\"alignleft size-medium\" src=\"https:\/\/www.krajskakniznicazilina.sk\/clanky\/2025\/04\/tr%C3%A9ning%20pam%C3%A4ti.jpg\" alt=\"plag\u00e1t\" width=\"40%\" height=\"40%\" \/><\/a>Tr\u00e9ning pam\u00e4ti pre seniorov a t\u00fdch, ktor\u00ed si chc\u00fa zdokonali\u0165 pam\u00e4\u0165. Radi v\u00e1s op\u00e4\u0165 uv\u00edtame na prvom jarnom stretnut\u00ed, ktor\u00e9ho obsahom bude posil\u0148ovanie pam\u00e4ti z\u00e1bavnou a hravou formou. Povieme si aj o tom, \u010do prospieva a naopak \u0161kod\u00ed mozgu, ak\u00e9 s\u00fa vhodn\u00e9 potraviny pre mozog a ako mu pom\u00e1ha cvi\u010denie. Pr\u00ed\u010fte na \u00favodn\u00e9 stretnutie tr\u00e9ningu pam\u00e4ti v pondelok<strong> 7. apr\u00edla o 10:30<\/strong> do Krajskej kni\u017enice v \u017diline. Nasleduj\u00face stretnutia sa bud\u00fa kona\u0165 ka\u017ed\u00fd pondelok o 10:30. <strong>Poplatok za kurz je 15 \u20ac<\/strong> (9 stretnut\u00ed). Na podujatie je nutn\u00e9 sa vopred <strong>prihl\u00e1si\u0165<\/strong> <strong>e-mailom: <a href=\"mailto:mjartanova@krajskakniznicazilina.sk\">mjartanova@krajskakniznicazilina.sk<\/a><\/strong>. Podmienkou je aj platn\u00fd \u010ditate\u013esk\u00fd preukaz v Krajskej kni\u017enici v \u017diline.<\/p>\n","protected":false},"excerpt":{"rendered":"<p>Tr\u00e9ning pam\u00e4ti pre seniorov a t\u00fdch, ktor\u00ed si chc\u00fa zdokonali\u0165 pam\u00e4\u0165. Radi v\u00e1s op\u00e4\u0165 uv\u00edtame na prvom jarnom stretnut\u00ed, ktor\u00e9ho obsahom bude posil\u0148ovanie pam\u00e4ti z\u00e1bavnou a hravou formou. Povieme si aj o tom, \u010do prospieva a naopak \u0161kod\u00ed mozgu, ak\u00e9 s\u00fa vhodn\u00e9 potraviny pre mozog a ako mu pom\u00e1ha cvi\u010denie. Pr\u00ed\u010fte na \u00favodn\u00e9 stretnutie tr\u00e9ningu &#8230; <a title=\"Kam som dal\/a okuliare?\" class=\"read-more\" href=\"https:\/\/www.krajskakniznicazilina.sk\/index.php\/2025\/03\/25\/kam-som-dal-a-okuliare\/\" aria-label=\"Pre\u010d\u00edtajte si viac o Kam som dal\/a okuliare?\">\u010c\u00edta\u0165 viac<\/a><\/p>\n","protected":false},"author":1,"featured_media":0,"comment_status":"open","ping_status":"open","sticky":false,"template":"","format":"image","meta":{"footnotes":""},"categories":[26,12,49],"tags":[],"class_list":["post-14873","post","type-post","status-publish","format-image","hentry","category-kurz","category-podujatie","category-trening-pamati","post_format-post-format-image"],"_links":{"self":[{"href":"https:\/\/www.krajskakniznicazilina.sk\/index.php\/wp-json\/wp\/v2\/posts\/14873","targetHints":{"allow":["GET"]}}],"collection":[{"href":"https:\/\/www.krajskakniznicazilina.sk\/index.php\/wp-json\/wp\/v2\/posts"}],"about":[{"href":"https:\/\/www.krajskakniznicazilina.sk\/index.php\/wp-json\/wp\/v2\/types\/post"}],"author":[{"embeddable":true,"href":"https:\/\/www.krajskakniznicazilina.sk\/index.php\/wp-json\/wp\/v2\/users\/1"}],"replies":[{"embeddable":true,"href":"https:\/\/www.krajskakniznicazilina.sk\/index.php\/wp-json\/wp\/v2\/comments?post=14873"}],"version-history":[{"count":1,"href":"https:\/\/www.krajskakniznicazilina.sk\/index.php\/wp-json\/wp\/v2\/posts\/14873\/revisions"}],"predecessor-version":[{"id":14874,"href":"https:\/\/www.krajskakniznicazilina.sk\/index.php\/wp-json\/wp\/v2\/posts\/14873\/revisions\/14874"}],"wp:attachment":[{"href":"https:\/\/www.krajskakniznicazilina.sk\/index.php\/wp-json\/wp\/v2\/media?parent=14873"}],"wp:term":[{"taxonomy":"category","embeddable":true,"href":"https:\/\/www.krajskakniznicazilina.sk\/index.php\/wp-json\/wp\/v2\/categories?post=14873"},{"taxonomy":"post_tag","embeddable":true,"href":"https:\/\/www.krajskakniznicazilina.sk\/index.php\/wp-json\/wp\/v2\/tags?post=14873"}],"curies":[{"name":"wp","href":"https:\/\/api.w.org\/{rel}","templated":true}]}}