{"id":14911,"date":"2025-04-29T07:03:22","date_gmt":"2025-04-29T05:03:22","guid":{"rendered":"https:\/\/www.krajskakniznicazilina.sk\/?p=14911"},"modified":"2025-04-23T10:46:46","modified_gmt":"2025-04-23T08:46:46","slug":"matus-kavec-vystava","status":"publish","type":"post","link":"https:\/\/www.krajskakniznicazilina.sk\/index.php\/2025\/04\/29\/matus-kavec-vystava\/","title":{"rendered":"Mat\u00fa\u0161 Kavec &#8211; v\u00fdstava"},"content":{"rendered":"<p style=\"text-align: justify;\"><a href=\"https:\/\/www.krajskakniznicazilina.sk\/clanky\/2025\/05\/kavec%20RBO.jpg\"><img decoding=\"async\" class=\"alignleft size-medium\" src=\"https:\/\/www.krajskakniznicazilina.sk\/clanky\/2025\/05\/kavec%20RBO.jpg\" alt=\"plag\u00e1t\" width=\"35%\" height=\"35%\" \/><\/a>V\u00fdstava pri pr\u00edle\u017eitosti 45. v\u00fdro\u010dia \u00famrtia predstavite\u013ea slovenskej medzivojnovej pr\u00f3zy psychologicko-soci\u00e1lneho zamerania &#8211; Mat\u00fa\u0161 Kavec.<\/p>\n<p style=\"text-align: justify;\">Prv\u00fd okruh jeho tvorby reprezentuj\u00fa rom\u00e1ny in\u0161pirovan\u00e9 osudmi kysuck\u00fdch a pova\u017esk\u00fdch drot\u00e1rov. \u010casopisecky uverejnil rom\u00e1n\u00a0<em>Svetom, moje, svetom\u2026\u00a0<\/em>(\u013dudov\u00e1 politika 1926), na ktor\u00fd nadviazal kronik\u00e1rskou pr\u00f3zou\u00a0<em>V rud\u00fdch hml\u00e1ch\u00a0<\/em>(1930)\u00a0a rom\u00e1nom\u00a0<em>Grapy\u00a0<\/em>(1936)\u00a0o slovensk\u00fdch drot\u00e1roch. V\u00a0druhom tematickom okruhu sa s\u00fastredil na mestsk\u00e9 bratislavsk\u00e9 prostredie.\u00a0Autor\u00a0rom\u00e1nov\u00a0<em>Kuvik na plote\u00a0<\/em>(1935),\u00a0<em>Nezamestnan\u00fd\u00a0<\/em>(1935),\u00a0<em>N\u00e1vrat na hole\u00a0<\/em>(1938, kni\u017ene vy\u0161iel a\u017e v roku\u00a01946). V medzivojnovom obdob\u00ed okrem kni\u017ene vydan\u00fdch rom\u00e1nov publikoval poviedky, novely i rom\u00e1ny \u010dasopisecky. Po roku\u00a01948 ho totalitn\u00fd\u00a0re\u017eim vyradil z liter\u00e1rneho \u017eivota. Po n\u00fatenej odmlke sa a\u017e v roku\u00a01973 prihl\u00e1sil autobiograficky \u0161tylizovanou pr\u00f3zou pre deti\u00a0<em>Svetlonos<\/em>. V roku 1936 dostal Mat\u00fa\u0161 Kavec \u0160t\u00farovu liter\u00e1rnu cenu mesta Bratislavy a v roku 1938 (za rom\u00e1n N\u00e1vrat na hole) R\u00e1zusovu cenu Spolku slovensk\u00fdch spisovate\u013eov.<\/p>\n<p style=\"text-align: justify;\">V\u00fdstava je zameran\u00e1 na liter\u00e1rnu tvorbu, knihy a \u010dl\u00e1nky o osobnosti a bude umiestnen\u00e1\u00a0na pr\u00edzem\u00ed Krajskej kni\u017enice v \u017diline, <strong>m\u00e1j &#8211; j\u00fan 2025<\/strong>.<\/p>\n","protected":false},"excerpt":{"rendered":"<p>V\u00fdstava pri pr\u00edle\u017eitosti 45. v\u00fdro\u010dia \u00famrtia predstavite\u013ea slovenskej medzivojnovej pr\u00f3zy psychologicko-soci\u00e1lneho zamerania &#8211; Mat\u00fa\u0161 Kavec. Prv\u00fd okruh jeho tvorby reprezentuj\u00fa rom\u00e1ny in\u0161pirovan\u00e9 osudmi kysuck\u00fdch a pova\u017esk\u00fdch drot\u00e1rov. \u010casopisecky uverejnil rom\u00e1n\u00a0Svetom, moje, svetom\u2026\u00a0(\u013dudov\u00e1 politika 1926), na ktor\u00fd nadviazal kronik\u00e1rskou pr\u00f3zou\u00a0V rud\u00fdch hml\u00e1ch\u00a0(1930)\u00a0a rom\u00e1nom\u00a0Grapy\u00a0(1936)\u00a0o slovensk\u00fdch drot\u00e1roch. V\u00a0druhom tematickom okruhu sa s\u00fastredil na mestsk\u00e9 bratislavsk\u00e9 prostredie.\u00a0Autor\u00a0rom\u00e1nov\u00a0Kuvik na plote\u00a0(1935),\u00a0Nezamestnan\u00fd\u00a0(1935),\u00a0N\u00e1vrat &#8230; <a title=\"Mat\u00fa\u0161 Kavec &#8211; v\u00fdstava\" class=\"read-more\" href=\"https:\/\/www.krajskakniznicazilina.sk\/index.php\/2025\/04\/29\/matus-kavec-vystava\/\" aria-label=\"Pre\u010d\u00edtajte si viac o Mat\u00fa\u0161 Kavec &#8211; v\u00fdstava\">\u010c\u00edta\u0165 viac<\/a><\/p>\n","protected":false},"author":1,"featured_media":0,"comment_status":"open","ping_status":"open","sticky":false,"template":"","format":"image","meta":{"footnotes":""},"categories":[15],"tags":[],"class_list":["post-14911","post","type-post","status-publish","format-image","hentry","category-vystava","post_format-post-format-image"],"_links":{"self":[{"href":"https:\/\/www.krajskakniznicazilina.sk\/index.php\/wp-json\/wp\/v2\/posts\/14911","targetHints":{"allow":["GET"]}}],"collection":[{"href":"https:\/\/www.krajskakniznicazilina.sk\/index.php\/wp-json\/wp\/v2\/posts"}],"about":[{"href":"https:\/\/www.krajskakniznicazilina.sk\/index.php\/wp-json\/wp\/v2\/types\/post"}],"author":[{"embeddable":true,"href":"https:\/\/www.krajskakniznicazilina.sk\/index.php\/wp-json\/wp\/v2\/users\/1"}],"replies":[{"embeddable":true,"href":"https:\/\/www.krajskakniznicazilina.sk\/index.php\/wp-json\/wp\/v2\/comments?post=14911"}],"version-history":[{"count":3,"href":"https:\/\/www.krajskakniznicazilina.sk\/index.php\/wp-json\/wp\/v2\/posts\/14911\/revisions"}],"predecessor-version":[{"id":15020,"href":"https:\/\/www.krajskakniznicazilina.sk\/index.php\/wp-json\/wp\/v2\/posts\/14911\/revisions\/15020"}],"wp:attachment":[{"href":"https:\/\/www.krajskakniznicazilina.sk\/index.php\/wp-json\/wp\/v2\/media?parent=14911"}],"wp:term":[{"taxonomy":"category","embeddable":true,"href":"https:\/\/www.krajskakniznicazilina.sk\/index.php\/wp-json\/wp\/v2\/categories?post=14911"},{"taxonomy":"post_tag","embeddable":true,"href":"https:\/\/www.krajskakniznicazilina.sk\/index.php\/wp-json\/wp\/v2\/tags?post=14911"}],"curies":[{"name":"wp","href":"https:\/\/api.w.org\/{rel}","templated":true}]}}