{"id":14997,"date":"2025-04-29T07:16:40","date_gmt":"2025-04-29T05:16:40","guid":{"rendered":"https:\/\/www.krajskakniznicazilina.sk\/?p=14997"},"modified":"2025-04-29T07:16:40","modified_gmt":"2025-04-29T05:16:40","slug":"zvedave-debaty-zeny-vo-vede","status":"publish","type":"post","link":"https:\/\/www.krajskakniznicazilina.sk\/index.php\/2025\/04\/29\/zvedave-debaty-zeny-vo-vede\/","title":{"rendered":"Zvedav\u00e9 debaty: \u017deny vo vede"},"content":{"rendered":"<p style=\"text-align: justify;\"><a href=\"https:\/\/www.krajskakniznicazilina.sk\/clanky\/2025\/05\/zVEDAve_debaty_ZA.png\"><img decoding=\"async\" class=\"alignright size-medium\" src=\"https:\/\/www.krajskakniznicazilina.sk\/clanky\/2025\/05\/zVEDAve_debaty_ZA.png\" alt=\"plag\u00e1t\" width=\"40%\" height=\"40%\" \/><\/a>N\u00e1rodn\u00e9 centrum populariz\u00e1cie vedy a techniky v spolo\u010dnosti (CVTI) od\u0161tartovalo nov\u00fa \u00e9ru populariz\u00e1cie vedy. CVTI prin\u00e1\u0161a unik\u00e1tny projekt, in\u0161pirat\u00edvne diskusie s v\u00fdznamn\u00fdmi vedeck\u00fdmi osobnos\u0165ami, s vedky\u0148ami, odborn\u00ed\u010dkami a odborn\u00edkmi na rodov\u00fa rovnos\u0165. Vedeck\u00e9 a odborn\u00e9 prostredie je zatia\u013e st\u00e1le mu\u017eskou dominantou, alebo je to inak? Cie\u013eom t\u00fdchto deb\u00e1t je vytvori\u0165 bezpe\u010dn\u00fd priestor pre diskusiu o t\u00e9mach, prostredn\u00edctvom ktor\u00fdch spozn\u00e1me men\u00e1 a v\u00fdskum na\u0161ich vedk\u00fd\u0148.<\/p>\n<p style=\"text-align: justify;\">Ako \u010dasto sa stane, \u017ee m\u00f4\u017eete nahliadnu\u0165 do z\u00e1kulisia vedeckej pr\u00e1ce a\u00a0laborat\u00f3ri\u00ed? Ako pracuj\u00fa na\u0161e vedkyne a\u00a0vedci? Pre\u010do sa rozhodli venova\u0165 svoj \u017eivot b\u00e1daniu a\u00a0v\u00fdskumom? \u010comu presne sa slovensk\u00e9 vedkyne venuj\u00fa a\u00a0ako n\u00e1m ich v\u00fdskum ovplyv\u0148uje be\u017en\u00fd \u017eivot? Pripravili sme pre V\u00e1s s\u00e9riu in\u0161pirat\u00edvnych rozhovorov s\u00a0vedky\u0148ami na\u017eivo!<\/p>\n<p style=\"text-align: justify;\">Zvedav\u00e9 debaty: \u017deny vo vede nav\u0161tevuj\u00fa r\u00f4zne mest\u00e1 na Slovensku a\u00a0v\u00a0priestoroch krajsk\u00fdch kni\u017en\u00edc hovor\u00edme o\u00a0tom, ako sa vo vede pracuje \u017een\u00e1m, \u010di je d\u00f4le\u017eit\u00e9 hovori\u0165 o\u00a0t\u00e9me rodovej rovnosti v\u00a0odbornom prostred\u00ed alebo \u010di ovplyv\u0148uje rod v\u00fdkon funkcie na Slovensku. Zvedav\u00e9 debaty s\u00fa tu pre v\u0161etk\u00fdch, ktor\u00ed sa zauj\u00edmaj\u00fa o\u00a0vedu alebo s\u00fa zvedav\u00ed na pr\u00edbehy \u017eien vo vede.<\/p>\n<p style=\"text-align: justify;\">V \u017diline bude podujatie moderova\u0165 <strong>Michaela Kr\u00ed\u017eov\u00e1, <\/strong>\u00a0hos\u0165ami bud\u00fa: <strong>Prof. Mgr. Ivan Cimr\u00e1k, Dr.<\/strong>, laure\u00e1t Ceny za vedu a techniku 2024; <strong>Ing. Dominika Petr\u00edkov\u00e1, PhD.<\/strong>, v\u00fdskumn\u00ed\u010dka; <strong>Ing. Denisa Strakov\u00e1, PhD.<\/strong>, vedky\u0148a. Te\u0161\u00edme sa na stretnutie v Krajskej kni\u017enici v \u017diline! U\u017e v stredu <strong>21. m\u00e1ja o 17:00<\/strong> <strong>s bezplatn\u00fdm vstupom<\/strong>. Na podujatie je potrebn\u00e9 sa <strong>vopred prihl\u00e1si\u0165<\/strong> prostredn\u00edctvom formul\u00e1ra na webstr\u00e1nke:\u00a0<a href=\"https:\/\/vedanadosah.cvtisr.sk\/podujatie\/zeny-vo-vede-zvedave-debaty-zilina\/\"><strong>\u017deny vo vede \u2013 ZVEDAV\u00c9 DEBATY \u2013 \u017dilina<\/strong><\/a><strong>\u00a0<\/strong><!--more--><\/p>\n<p style=\"text-align: justify;\"><strong>Michaela Kr\u00ed\u017eov\u00e1<\/strong>\u00a0je podcasterka a\u00a0moder\u00e1torka vlastn\u00fdch podujat\u00ed, ktor\u00e1 v\u00a0unik\u00e1tnom podcaste Nezastavite\u013en\u00e9 vytv\u00e1ra medi\u00e1lny priestor pre \u017eeny, ktor\u00e9 s\u00fa nie len zn\u00e1me ale aj pre spolo\u010dnos\u0165 v\u00fdznamn\u00e9 svojim pr\u00ednosom a\u00a0\u010dinnos\u0165ou. \u017durnalistka, ktor\u00e1 sa rozhodla zosta\u0165 na v\u00fdchodnom Slovensku a\u00a0vytvori\u0165 exkluz\u00edvnu medi\u00e1lnu platformu pre \u017eeny.<\/p>\n<h4 style=\"text-align: justify;\">Diskutuj\u00faci:<\/h4>\n<p style=\"text-align: justify;\"><strong>Prof. Mgr. Ivan Cimr\u00e1k, Dr.<\/strong>, laure\u00e1t Ceny za vedu a techniku 2024<br \/>\nProfesor Ivan Cimr\u00e1k je v\u00fdskumn\u00edk a\u00a0vedec, ktor\u00fd dok\u00e1\u017ee s\u00a0modern\u00fdmi technol\u00f3giami pracova\u0165 tak, aby v\u00a0medic\u00edne pom\u00e1hali pri v\u010dasnej detekcii rakoviny. \u0160pi\u010dkov\u00fd v\u00fdskumn\u00edk v\u00a0spolupr\u00e1ci s\u00a0t\u00edmom a\u00a0lek\u00e1rmi tr\u00e9nuje umel\u00fa inteligenciu tak\u00fdm sp\u00f4sobom, aby dok\u00e1zala by\u0165 plnohodnotnou oporou pre lek\u00e1rov pri posudzovan\u00ed mamografie alebo in\u00fdch odborn\u00fdch vy\u0161etren\u00ed. Ivan Cimr\u00e1k z\u00edskal Cenu za vedu a techniku 2024 v kateg\u00f3rii Osobnos\u0165 vedy a techniky aj za pr\u00ednos vyu\u017eitia umelej inteligencie v medic\u00edne. P\u00f4sob\u00ed ako v\u00fdskumn\u00edk a vysoko\u0161kolsk\u00fd pedag\u00f3g na Fakulte riadenia a informatiky \u017dilinskej univerzity v \u017diline. Je medzin\u00e1rodne uzn\u00e1van\u00fdm odborn\u00edkom v oblasti modelovania biomedic\u00ednskych procesov (cirkuluj\u00facich rakovinov\u00fdch buniek) a aplik\u00e1cie strojov\u00e9ho u\u010denia v medic\u00edne. Vo svojej v\u00fdskumnej skupine akt\u00edvne podporuje doktorandky a\u00a0doktorandov v\u00a0\u0161t\u00fadiu aplikovanej informatiky. Do in\u0161pirat\u00edvnej diskusie si poz\u00fdva aj svoju doktorandku dnes v\u00fdskumn\u00ed\u010dku p\u00f4sobiacu na akademickej p\u00f4de \u2013 Dominiku Petr\u00edkov\u00fa.<\/p>\n<p style=\"text-align: justify;\"><strong>Ing. Dominika Petr\u00edkov\u00e1, PhD.<\/strong>, v\u00fdskumn\u00ed\u010dka<br \/>\nP\u00f4sob\u00ed na Fakulte riadenia a informatiky \u017dilinskej univerzity, kde sa venuje v\u00fdskumu v oblasti umelej inteligencie, pri\u010dom sa \u0161pecializuje na aplik\u00e1ciu neur\u00f3nov\u00fdch siet\u00ed v medic\u00ednskej diagnostike. Vo v\u00fdskume sa venuje najm\u00e4 anal\u00fdze a klasifik\u00e1cii histopatologick\u00fdch sn\u00edmok s cie\u013eom zlep\u0161i\u0165 v\u010dasn\u00fa diagnostiku rakoviny. V r\u00e1mci v\u00fdskumu \u00fazko spolupracuje s lek\u00e1rmi z Jesseniovej lek\u00e1rskej fakulty UK v Martine, \u010d\u00edm prep\u00e1ja IT a medic\u00ednu v praxi.<\/p>\n<p style=\"text-align: justify;\"><strong>Ing. Denisa Strakov\u00e1, PhD.<\/strong>, vedky\u0148a<br \/>\nDoktorka Denisa Strakov\u00e1 p\u00f4sob\u00ed ako postdoktorandka a v\u00fdskumn\u00ed\u010dka na \u017dilinskej univerzite so \u0161pecializ\u00e1ciou na materi\u00e1lov\u00e9 vedy a in\u017einierstvo. V\u00fdskum doktorky Strakovej sa zameriava na zlep\u0161enie odolnosti zv\u00e1ran\u00fdch vysokopevnostn\u00fdch ocel\u00ed. V s\u00fa\u010dasnosti tie\u017e vykon\u00e1va pokro\u010dil\u00fd v\u00fdskum vod\u00edkov\u00e9ho krehnutia vo vysokopevnostn\u00fdch oceliach.\u00a0Jej odbornos\u0165 bola obohaten\u00e1 v\u00fdskumn\u00fdmi n\u00e1v\u0161tevami na Politecnico di Milano v Taliansku a \u010ceskej akad\u00e9mii vied v Brne. Doktorka Strakov\u00e1 sa akt\u00edvne z\u00fa\u010dast\u0148uje dom\u00e1cich a medzin\u00e1rodn\u00fdch konferenci\u00ed, pri\u010dom z\u00edskala prest\u00ed\u017ene ocenenia ako First Young Scientist Award na Symp\u00f3ziu Danubia Adria v Gr\u00e9cku (2022) a druh\u00e9 miesto v s\u00fa\u0165a\u017ei Najlep\u0161ia obh\u00e1jen\u00e1 dizerta\u010dn\u00e1 pr\u00e1ca na Technick<\/p>\n","protected":false},"excerpt":{"rendered":"<p>N\u00e1rodn\u00e9 centrum populariz\u00e1cie vedy a techniky v spolo\u010dnosti (CVTI) od\u0161tartovalo nov\u00fa \u00e9ru populariz\u00e1cie vedy. CVTI prin\u00e1\u0161a unik\u00e1tny projekt, in\u0161pirat\u00edvne diskusie s v\u00fdznamn\u00fdmi vedeck\u00fdmi osobnos\u0165ami, s vedky\u0148ami, odborn\u00ed\u010dkami a odborn\u00edkmi na rodov\u00fa rovnos\u0165. Vedeck\u00e9 a odborn\u00e9 prostredie je zatia\u013e st\u00e1le mu\u017eskou dominantou, alebo je to inak? Cie\u013eom t\u00fdchto deb\u00e1t je vytvori\u0165 bezpe\u010dn\u00fd priestor pre diskusiu o &#8230; <a title=\"Zvedav\u00e9 debaty: \u017deny vo vede\" class=\"read-more\" href=\"https:\/\/www.krajskakniznicazilina.sk\/index.php\/2025\/04\/29\/zvedave-debaty-zeny-vo-vede\/\" aria-label=\"Pre\u010d\u00edtajte si viac o Zvedav\u00e9 debaty: \u017deny vo vede\">\u010c\u00edta\u0165 viac<\/a><\/p>\n","protected":false},"author":1,"featured_media":0,"comment_status":"open","ping_status":"open","sticky":false,"template":"","format":"image","meta":{"footnotes":""},"categories":[24,12],"tags":[],"class_list":["post-14997","post","type-post","status-publish","format-image","hentry","category-beseda","category-podujatie","post_format-post-format-image"],"_links":{"self":[{"href":"https:\/\/www.krajskakniznicazilina.sk\/index.php\/wp-json\/wp\/v2\/posts\/14997","targetHints":{"allow":["GET"]}}],"collection":[{"href":"https:\/\/www.krajskakniznicazilina.sk\/index.php\/wp-json\/wp\/v2\/posts"}],"about":[{"href":"https:\/\/www.krajskakniznicazilina.sk\/index.php\/wp-json\/wp\/v2\/types\/post"}],"author":[{"embeddable":true,"href":"https:\/\/www.krajskakniznicazilina.sk\/index.php\/wp-json\/wp\/v2\/users\/1"}],"replies":[{"embeddable":true,"href":"https:\/\/www.krajskakniznicazilina.sk\/index.php\/wp-json\/wp\/v2\/comments?post=14997"}],"version-history":[{"count":3,"href":"https:\/\/www.krajskakniznicazilina.sk\/index.php\/wp-json\/wp\/v2\/posts\/14997\/revisions"}],"predecessor-version":[{"id":15064,"href":"https:\/\/www.krajskakniznicazilina.sk\/index.php\/wp-json\/wp\/v2\/posts\/14997\/revisions\/15064"}],"wp:attachment":[{"href":"https:\/\/www.krajskakniznicazilina.sk\/index.php\/wp-json\/wp\/v2\/media?parent=14997"}],"wp:term":[{"taxonomy":"category","embeddable":true,"href":"https:\/\/www.krajskakniznicazilina.sk\/index.php\/wp-json\/wp\/v2\/categories?post=14997"},{"taxonomy":"post_tag","embeddable":true,"href":"https:\/\/www.krajskakniznicazilina.sk\/index.php\/wp-json\/wp\/v2\/tags?post=14997"}],"curies":[{"name":"wp","href":"https:\/\/api.w.org\/{rel}","templated":true}]}}