{"id":1501,"date":"2018-04-24T09:28:41","date_gmt":"2018-04-24T07:28:41","guid":{"rendered":"http:\/\/www.krajskakniznicazilina.sk\/?p=1501"},"modified":"2018-10-05T16:01:39","modified_gmt":"2018-10-05T14:01:39","slug":"ku-kniham","status":"publish","type":"post","link":"https:\/\/www.krajskakniznicazilina.sk\/index.php\/2018\/04\/24\/ku-kniham\/","title":{"rendered":"Ku knih\u00e1m&#8230;"},"content":{"rendered":"<p style=\"text-align: justify;\"><a href=\"http:\/\/www.krajskakniznicazilina.sk\/clanky\/2018\/04\/kuKniham.jpg\"><img decoding=\"async\" class=\"alignright size-medium\" src=\"http:\/\/www.krajskakniznicazilina.sk\/clanky\/2018\/04\/kuKniham.jpg\" width=\"30%\" height=\"30%\" \/><\/a><\/p>\n<p style=\"text-align: justify;\">Kr\u00e1sa kn\u00edh sa d\u00e1 vn\u00edma\u0165 r\u00f4znym sp\u00f4sobom. Tvoriv\u00e1 skupina 227 v\u00e1m uk\u00e1\u017ee ako knihy vn\u00edmaj\u00fa jej \u010dlenovia na v\u00fdstave fotografick\u00fdch ilustr\u00e1ci\u00ed Ku knih\u00e1m&#8230; V\u00fdstava bude spr\u00edstupnen\u00e1 v\u00a0Krajskej kni\u017enici v\u00a0\u017diline do konca mesiaca. Vernis\u00e1\u017e sa uskuto\u010dn\u00ed v\u00a0stredu <strong>2. m\u00e1ja o\u00a016:00<\/strong>.<\/p>\n","protected":false},"excerpt":{"rendered":"<p>Kr\u00e1sa kn\u00edh sa d\u00e1 vn\u00edma\u0165 r\u00f4znym sp\u00f4sobom. Tvoriv\u00e1 skupina 227 v\u00e1m uk\u00e1\u017ee ako knihy vn\u00edmaj\u00fa jej \u010dlenovia na v\u00fdstave fotografick\u00fdch ilustr\u00e1ci\u00ed Ku knih\u00e1m&#8230; V\u00fdstava bude spr\u00edstupnen\u00e1 v\u00a0Krajskej kni\u017enici v\u00a0\u017diline do konca mesiaca. Vernis\u00e1\u017e sa uskuto\u010dn\u00ed v\u00a0stredu 2. m\u00e1ja o\u00a016:00.<\/p>\n","protected":false},"author":1,"featured_media":0,"comment_status":"open","ping_status":"open","sticky":false,"template":"","format":"image","meta":{"footnotes":""},"categories":[15],"tags":[],"class_list":["post-1501","post","type-post","status-publish","format-image","hentry","category-vystava","post_format-post-format-image"],"_links":{"self":[{"href":"https:\/\/www.krajskakniznicazilina.sk\/index.php\/wp-json\/wp\/v2\/posts\/1501","targetHints":{"allow":["GET"]}}],"collection":[{"href":"https:\/\/www.krajskakniznicazilina.sk\/index.php\/wp-json\/wp\/v2\/posts"}],"about":[{"href":"https:\/\/www.krajskakniznicazilina.sk\/index.php\/wp-json\/wp\/v2\/types\/post"}],"author":[{"embeddable":true,"href":"https:\/\/www.krajskakniznicazilina.sk\/index.php\/wp-json\/wp\/v2\/users\/1"}],"replies":[{"embeddable":true,"href":"https:\/\/www.krajskakniznicazilina.sk\/index.php\/wp-json\/wp\/v2\/comments?post=1501"}],"version-history":[{"count":6,"href":"https:\/\/www.krajskakniznicazilina.sk\/index.php\/wp-json\/wp\/v2\/posts\/1501\/revisions"}],"predecessor-version":[{"id":2369,"href":"https:\/\/www.krajskakniznicazilina.sk\/index.php\/wp-json\/wp\/v2\/posts\/1501\/revisions\/2369"}],"wp:attachment":[{"href":"https:\/\/www.krajskakniznicazilina.sk\/index.php\/wp-json\/wp\/v2\/media?parent=1501"}],"wp:term":[{"taxonomy":"category","embeddable":true,"href":"https:\/\/www.krajskakniznicazilina.sk\/index.php\/wp-json\/wp\/v2\/categories?post=1501"},{"taxonomy":"post_tag","embeddable":true,"href":"https:\/\/www.krajskakniznicazilina.sk\/index.php\/wp-json\/wp\/v2\/tags?post=1501"}],"curies":[{"name":"wp","href":"https:\/\/api.w.org\/{rel}","templated":true}]}}