{"id":15095,"date":"2025-05-20T07:01:32","date_gmt":"2025-05-20T05:01:32","guid":{"rendered":"https:\/\/www.krajskakniznicazilina.sk\/?p=15095"},"modified":"2025-05-22T07:42:11","modified_gmt":"2025-05-22T05:42:11","slug":"prebudzanie-vystava","status":"publish","type":"post","link":"https:\/\/www.krajskakniznicazilina.sk\/index.php\/2025\/05\/20\/prebudzanie-vystava\/","title":{"rendered":"Preb\u00fadzanie &#8211; v\u00fdstava"},"content":{"rendered":"<p style=\"text-align: justify;\"><a href=\"https:\/\/www.krajskakniznicazilina.sk\/clanky\/2025\/06\/preb%C3%BAdzanie.jpg\"><img decoding=\"async\" class=\"alignleft size-medium\" src=\"https:\/\/www.krajskakniznicazilina.sk\/clanky\/2025\/06\/preb%C3%BAdzanie.jpg\" alt=\"plag\u00e1t\" width=\"35%\" height=\"35%\" \/><\/a>V\u00fdstava origin\u00e1lnej tvorby v r\u00f4znych technik\u00e1ch. Autorka v\u00fdstavy pani Lenka Bu\u010dkov\u00e1 je \u010dlenkou klubu neprofesion\u00e1lnych v\u00fdtvarn\u00edkov v \u017diline. Zameriava sa predov\u0161etk\u00fdm na techniky ma\u013eby akrylom, pri\u010dom pl\u00e1tno sa st\u00e1va jej ob\u013e\u00faben\u00fdm m\u00e9diom na vyjadrenie. Rovnako sa venuje akvarelu a past\u00f3znej ma\u013ebe a rozvoju maliarskych a techn\u00edk a ich harmonick\u00e9mu kombinovaniu. Pracuje so symbolikou zvierat, pr\u00edrody a symbolmi \u017eivota. <strong>V\u00fdstavu<\/strong> si m\u00f4\u017eete pr\u00eds\u0165 pozrie\u0165 <strong>od 27. m\u00e1ja<\/strong> a\u00a0<strong>vernis\u00e1\u017e<\/strong> v\u00fdstavy sa uskuto\u010dn\u00ed <strong>vo \u0161tvrtok 5. j\u00fana o 16:30<\/strong> v\u00a0Krajskej kni\u017enici v\u00a0\u017diline.<\/p>\n","protected":false},"excerpt":{"rendered":"<p>V\u00fdstava origin\u00e1lnej tvorby v r\u00f4znych technik\u00e1ch. Autorka v\u00fdstavy pani Lenka Bu\u010dkov\u00e1 je \u010dlenkou klubu neprofesion\u00e1lnych v\u00fdtvarn\u00edkov v \u017diline. Zameriava sa predov\u0161etk\u00fdm na techniky ma\u013eby akrylom, pri\u010dom pl\u00e1tno sa st\u00e1va jej ob\u013e\u00faben\u00fdm m\u00e9diom na vyjadrenie. Rovnako sa venuje akvarelu a past\u00f3znej ma\u013ebe a rozvoju maliarskych a techn\u00edk a ich harmonick\u00e9mu kombinovaniu. Pracuje so symbolikou zvierat, pr\u00edrody &#8230; <a title=\"Preb\u00fadzanie &#8211; v\u00fdstava\" class=\"read-more\" href=\"https:\/\/www.krajskakniznicazilina.sk\/index.php\/2025\/05\/20\/prebudzanie-vystava\/\" aria-label=\"Pre\u010d\u00edtajte si viac o Preb\u00fadzanie &#8211; v\u00fdstava\">\u010c\u00edta\u0165 viac<\/a><\/p>\n","protected":false},"author":1,"featured_media":0,"comment_status":"open","ping_status":"open","sticky":false,"template":"","format":"image","meta":{"footnotes":""},"categories":[28,15],"tags":[],"class_list":["post-15095","post","type-post","status-publish","format-image","hentry","category-vernisaz","category-vystava","post_format-post-format-image"],"_links":{"self":[{"href":"https:\/\/www.krajskakniznicazilina.sk\/index.php\/wp-json\/wp\/v2\/posts\/15095","targetHints":{"allow":["GET"]}}],"collection":[{"href":"https:\/\/www.krajskakniznicazilina.sk\/index.php\/wp-json\/wp\/v2\/posts"}],"about":[{"href":"https:\/\/www.krajskakniznicazilina.sk\/index.php\/wp-json\/wp\/v2\/types\/post"}],"author":[{"embeddable":true,"href":"https:\/\/www.krajskakniznicazilina.sk\/index.php\/wp-json\/wp\/v2\/users\/1"}],"replies":[{"embeddable":true,"href":"https:\/\/www.krajskakniznicazilina.sk\/index.php\/wp-json\/wp\/v2\/comments?post=15095"}],"version-history":[{"count":5,"href":"https:\/\/www.krajskakniznicazilina.sk\/index.php\/wp-json\/wp\/v2\/posts\/15095\/revisions"}],"predecessor-version":[{"id":15177,"href":"https:\/\/www.krajskakniznicazilina.sk\/index.php\/wp-json\/wp\/v2\/posts\/15095\/revisions\/15177"}],"wp:attachment":[{"href":"https:\/\/www.krajskakniznicazilina.sk\/index.php\/wp-json\/wp\/v2\/media?parent=15095"}],"wp:term":[{"taxonomy":"category","embeddable":true,"href":"https:\/\/www.krajskakniznicazilina.sk\/index.php\/wp-json\/wp\/v2\/categories?post=15095"},{"taxonomy":"post_tag","embeddable":true,"href":"https:\/\/www.krajskakniznicazilina.sk\/index.php\/wp-json\/wp\/v2\/tags?post=15095"}],"curies":[{"name":"wp","href":"https:\/\/api.w.org\/{rel}","templated":true}]}}