{"id":15147,"date":"2025-05-19T07:03:24","date_gmt":"2025-05-19T05:03:24","guid":{"rendered":"https:\/\/www.krajskakniznicazilina.sk\/?p=15147"},"modified":"2025-05-13T14:26:42","modified_gmt":"2025-05-13T12:26:42","slug":"den-deti-v-kniznici-zabava-tvorenie-a-objavovanie","status":"publish","type":"post","link":"https:\/\/www.krajskakniznicazilina.sk\/index.php\/2025\/05\/19\/den-deti-v-kniznici-zabava-tvorenie-a-objavovanie\/","title":{"rendered":"De\u0148 det\u00ed v kni\u017enici: z\u00e1bava, tvorenie a objavovanie\u00a0"},"content":{"rendered":"<p style=\"text-align: justify;\"><a href=\"https:\/\/www.krajskakniznicazilina.sk\/clanky\/2025\/06\/de%C5%88%20det%C3%AD.jpg\"><img decoding=\"async\" class=\"alignleft size-medium\" src=\"https:\/\/www.krajskakniznicazilina.sk\/clanky\/2025\/06\/de%C5%88%20det%C3%AD.jpg\" alt=\"plag\u00e1t\" width=\"40%\" height=\"40%\" \/><\/a>Osl\u00e1vte <strong>De\u0148 det\u00ed<\/strong> v kni\u017enici. Tento de\u0148 bude pln\u00fd z\u00e1bavy, hier a kreat\u00edvnych aktiv\u00edt pre deti v\u0161etk\u00fdch vekov\u00fdch kateg\u00f3ri\u00ed. \u010cakaj\u00fa v\u00e1s s\u00fa\u0165a\u017ee, z\u00e1bavn\u00e9 vedomostn\u00e9 hry a prekvapenie zo Smartlabu. Pr\u00ed\u010fte <strong>v pondelok 2. j\u00fana<\/strong><strong>\u00a0o 15:30<\/strong> do Krajskej kni\u017enice v \u017diline a za\u017eite popoludnie pln\u00e9 radosti, tvorenia a objavovania nov\u00fdch vec\u00ed. Ka\u017ed\u00e9 die\u0165a dostane aj mal\u00fa odmenu. Te\u0161\u00edme sa na v\u00e1s!<\/p>\n","protected":false},"excerpt":{"rendered":"<p>Osl\u00e1vte De\u0148 det\u00ed v kni\u017enici. Tento de\u0148 bude pln\u00fd z\u00e1bavy, hier a kreat\u00edvnych aktiv\u00edt pre deti v\u0161etk\u00fdch vekov\u00fdch kateg\u00f3ri\u00ed. \u010cakaj\u00fa v\u00e1s s\u00fa\u0165a\u017ee, z\u00e1bavn\u00e9 vedomostn\u00e9 hry a prekvapenie zo Smartlabu. Pr\u00ed\u010fte v pondelok 2. j\u00fana\u00a0o 15:30 do Krajskej kni\u017enice v \u017diline a za\u017eite popoludnie pln\u00e9 radosti, tvorenia a objavovania nov\u00fdch vec\u00ed. Ka\u017ed\u00e9 die\u0165a dostane aj mal\u00fa &#8230; <a title=\"De\u0148 det\u00ed v kni\u017enici: z\u00e1bava, tvorenie a objavovanie\u00a0\" class=\"read-more\" href=\"https:\/\/www.krajskakniznicazilina.sk\/index.php\/2025\/05\/19\/den-deti-v-kniznici-zabava-tvorenie-a-objavovanie\/\" aria-label=\"Pre\u010d\u00edtajte si viac o De\u0148 det\u00ed v kni\u017enici: z\u00e1bava, tvorenie a objavovanie\u00a0\">\u010c\u00edta\u0165 viac<\/a><\/p>\n","protected":false},"author":1,"featured_media":0,"comment_status":"open","ping_status":"open","sticky":false,"template":"","format":"image","meta":{"footnotes":""},"categories":[12,73],"tags":[],"class_list":["post-15147","post","type-post","status-publish","format-image","hentry","category-podujatie","category-pre-deti","post_format-post-format-image"],"_links":{"self":[{"href":"https:\/\/www.krajskakniznicazilina.sk\/index.php\/wp-json\/wp\/v2\/posts\/15147","targetHints":{"allow":["GET"]}}],"collection":[{"href":"https:\/\/www.krajskakniznicazilina.sk\/index.php\/wp-json\/wp\/v2\/posts"}],"about":[{"href":"https:\/\/www.krajskakniznicazilina.sk\/index.php\/wp-json\/wp\/v2\/types\/post"}],"author":[{"embeddable":true,"href":"https:\/\/www.krajskakniznicazilina.sk\/index.php\/wp-json\/wp\/v2\/users\/1"}],"replies":[{"embeddable":true,"href":"https:\/\/www.krajskakniznicazilina.sk\/index.php\/wp-json\/wp\/v2\/comments?post=15147"}],"version-history":[{"count":2,"href":"https:\/\/www.krajskakniznicazilina.sk\/index.php\/wp-json\/wp\/v2\/posts\/15147\/revisions"}],"predecessor-version":[{"id":15149,"href":"https:\/\/www.krajskakniznicazilina.sk\/index.php\/wp-json\/wp\/v2\/posts\/15147\/revisions\/15149"}],"wp:attachment":[{"href":"https:\/\/www.krajskakniznicazilina.sk\/index.php\/wp-json\/wp\/v2\/media?parent=15147"}],"wp:term":[{"taxonomy":"category","embeddable":true,"href":"https:\/\/www.krajskakniznicazilina.sk\/index.php\/wp-json\/wp\/v2\/categories?post=15147"},{"taxonomy":"post_tag","embeddable":true,"href":"https:\/\/www.krajskakniznicazilina.sk\/index.php\/wp-json\/wp\/v2\/tags?post=15147"}],"curies":[{"name":"wp","href":"https:\/\/api.w.org\/{rel}","templated":true}]}}