{"id":15152,"date":"2025-05-26T07:03:12","date_gmt":"2025-05-26T05:03:12","guid":{"rendered":"https:\/\/www.krajskakniznicazilina.sk\/?p=15152"},"modified":"2025-05-26T08:17:14","modified_gmt":"2025-05-26T06:17:14","slug":"matematicka-fotografia-vystava","status":"publish","type":"post","link":"https:\/\/www.krajskakniznicazilina.sk\/index.php\/2025\/05\/26\/matematicka-fotografia-vystava\/","title":{"rendered":"Matematick\u00e1 fotografia &#8211; v\u00fdstava"},"content":{"rendered":"<p style=\"text-align: justify;\"><a href=\"https:\/\/www.krajskakniznicazilina.sk\/clanky\/2025\/06\/matematick%C3%A1%20foto.jpg\"><img decoding=\"async\" class=\"size-medium alignright\" src=\"https:\/\/www.krajskakniznicazilina.sk\/clanky\/2025\/06\/matematick%C3%A1%20foto.jpg\" alt=\"plag\u00e1t\" width=\"35%\" height=\"35%\" \/><\/a>S\u00fa\u0165a\u017e <strong>Matematick\u00e1 fotografia\u00a0<\/strong>pon\u00faka \u0161tudentom jedine\u010dn\u00fa pr\u00edle\u017eitos\u0165 spoji\u0165 svet vedy s umen\u00edm. Jej cie\u013eom nie je len rozv\u00edja\u0165 matematick\u00e9 myslenie, ale aj podnecova\u0165 tvoriv\u00e9 vn\u00edmanie okolia. \u00da\u010dastn\u00edci h\u013eadaj\u00fa matematick\u00e9 mot\u00edvy vo svete okolo n\u00e1s \u2013 v pr\u00edrode, architekt\u00fare \u010di be\u017en\u00fdch predmetoch \u2013 a zachyt\u00e1vaj\u00fa ich fotoapar\u00e1tom. Chceme, aby mlad\u00ed \u013eudia nevn\u00edmali matematiku len ako s\u00fahrn vzorcov v u\u010debnici, ale ako s\u00fa\u010das\u0165 n\u00e1\u0161ho ka\u017edodenn\u00e9ho \u017eivota. S\u00fa\u0165a\u017e ich motivuje vyjs\u0165 z triedy, pozera\u0165 sa okolo seba a objavova\u0165 kr\u00e1su v \u010d\u00edslach, tvaroch a symetrii. Ide o origin\u00e1lne prepojenie logiky, estetiky a kreativity, ktor\u00e9 prin\u00e1\u0161a nov\u00e9 poh\u013eady na zn\u00e1me veci. S\u00fa\u0165a\u017e organizuje Gymn\u00e1zium bilingv\u00e1lne v \u017diline. <strong>Vernis\u00e1\u017e<\/strong> v\u00fdstavy sa uskuto\u010dn\u00ed v piatok <strong>6. j\u00fana o 11:00<\/strong> v Krajskej kni\u017enici v\u00a0\u017diline a <strong>v\u00fdstavu<\/strong> fotografi\u00ed si m\u00f4\u017eete pozrie\u0165 <strong>do 16. j\u00fana<\/strong>.<\/p>\n","protected":false},"excerpt":{"rendered":"<p>S\u00fa\u0165a\u017e Matematick\u00e1 fotografia\u00a0pon\u00faka \u0161tudentom jedine\u010dn\u00fa pr\u00edle\u017eitos\u0165 spoji\u0165 svet vedy s umen\u00edm. Jej cie\u013eom nie je len rozv\u00edja\u0165 matematick\u00e9 myslenie, ale aj podnecova\u0165 tvoriv\u00e9 vn\u00edmanie okolia. \u00da\u010dastn\u00edci h\u013eadaj\u00fa matematick\u00e9 mot\u00edvy vo svete okolo n\u00e1s \u2013 v pr\u00edrode, architekt\u00fare \u010di be\u017en\u00fdch predmetoch \u2013 a zachyt\u00e1vaj\u00fa ich fotoapar\u00e1tom. Chceme, aby mlad\u00ed \u013eudia nevn\u00edmali matematiku len ako s\u00fahrn vzorcov &#8230; <a title=\"Matematick\u00e1 fotografia &#8211; v\u00fdstava\" class=\"read-more\" href=\"https:\/\/www.krajskakniznicazilina.sk\/index.php\/2025\/05\/26\/matematicka-fotografia-vystava\/\" aria-label=\"Pre\u010d\u00edtajte si viac o Matematick\u00e1 fotografia &#8211; v\u00fdstava\">\u010c\u00edta\u0165 viac<\/a><\/p>\n","protected":false},"author":1,"featured_media":0,"comment_status":"open","ping_status":"open","sticky":false,"template":"","format":"image","meta":{"footnotes":""},"categories":[15],"tags":[],"class_list":["post-15152","post","type-post","status-publish","format-image","hentry","category-vystava","post_format-post-format-image"],"_links":{"self":[{"href":"https:\/\/www.krajskakniznicazilina.sk\/index.php\/wp-json\/wp\/v2\/posts\/15152","targetHints":{"allow":["GET"]}}],"collection":[{"href":"https:\/\/www.krajskakniznicazilina.sk\/index.php\/wp-json\/wp\/v2\/posts"}],"about":[{"href":"https:\/\/www.krajskakniznicazilina.sk\/index.php\/wp-json\/wp\/v2\/types\/post"}],"author":[{"embeddable":true,"href":"https:\/\/www.krajskakniznicazilina.sk\/index.php\/wp-json\/wp\/v2\/users\/1"}],"replies":[{"embeddable":true,"href":"https:\/\/www.krajskakniznicazilina.sk\/index.php\/wp-json\/wp\/v2\/comments?post=15152"}],"version-history":[{"count":3,"href":"https:\/\/www.krajskakniznicazilina.sk\/index.php\/wp-json\/wp\/v2\/posts\/15152\/revisions"}],"predecessor-version":[{"id":15182,"href":"https:\/\/www.krajskakniznicazilina.sk\/index.php\/wp-json\/wp\/v2\/posts\/15152\/revisions\/15182"}],"wp:attachment":[{"href":"https:\/\/www.krajskakniznicazilina.sk\/index.php\/wp-json\/wp\/v2\/media?parent=15152"}],"wp:term":[{"taxonomy":"category","embeddable":true,"href":"https:\/\/www.krajskakniznicazilina.sk\/index.php\/wp-json\/wp\/v2\/categories?post=15152"},{"taxonomy":"post_tag","embeddable":true,"href":"https:\/\/www.krajskakniznicazilina.sk\/index.php\/wp-json\/wp\/v2\/tags?post=15152"}],"curies":[{"name":"wp","href":"https:\/\/api.w.org\/{rel}","templated":true}]}}